{"id":279,"date":"2020-08-15T15:35:23","date_gmt":"2020-08-15T15:35:23","guid":{"rendered":"https:\/\/www.desdegranada.com\/site\/?p=279"},"modified":"2020-08-15T15:35:23","modified_gmt":"2020-08-15T15:35:23","slug":"templos-de-granada-reabren-sus-puertas-tras-cinco-meses","status":"publish","type":"post","link":"https:\/\/www.desdegranada.com\/site\/?p=279","title":{"rendered":"Templos de Granada reabren sus puertas tras cinco meses"},"content":{"rendered":"<p style=\"text-align: justify;\">Otro de los feligreses que asisti\u00f3 a la eucarist\u00eda tambi\u00e9n expres\u00f3 su satisfacci\u00f3n por esta noticia: \u201cse siente una alegr\u00eda inmensa. Hoy solamente en las horas de la ma\u00f1ana cuando escuch\u00e9 la eucarist\u00eda por la emisora, sent\u00ed la alegr\u00eda cuando el p\u00e1rroco dijo que de nuevo abr\u00eda los templos\u201d.<\/p>\n<p style=\"text-align: justify;\"><img loading=\"lazy\" decoding=\"async\" src=\"https:\/\/scontent.fvvc2-1.fna.fbcdn.net\/v\/t1.0-9\/117890070_1679525955539690_6425764919005318410_n.jpg?_nc_cat=109&amp;_nc_sid=110474&amp;_nc_ohc=p1EGhcm2HNsAX9GhmR3&amp;_nc_ht=scontent.fvvc2-1.fna&amp;oh=f72bd3434a62765e603269624fa9548a&amp;oe=5F5E638C\" alt=\"\" width=\"735\" height=\"413\" \/><\/p>\n<p style=\"text-align: justify;\">Con el control de temperatura al ingreso, la desinfecci\u00f3n y dem\u00e1s protocolos de bioseguridad se da este paso importante paso a la normalidad. Al interior del templo las sillas est\u00e1n dispuestas con una distancia de dos metros en cada lado y es obligatorio el uso del tapabocas durante todo el tiempo.<\/p>\n<p style=\"text-align: justify;\">Como aquel 17 de marzo en el que se cerraron de manera indefinida las puertas de los templos y no se permit\u00eda la participaci\u00f3n de los fieles en las eucarist\u00edas, este 15 de agosto quedar\u00e1 en la historia por ser el d\u00eda en que nuevamente se empez\u00f3 a permitir el ingreso de la comunidad por las puertas principales.<\/p>\n<p><iframe loading=\"lazy\" style=\"border: none; overflow: hidden;\" src=\"https:\/\/www.facebook.com\/plugins\/video.php?href=https%3A%2F%2Fwww.facebook.com%2Fgranada.stereo%2Fvideos%2F603849913662540%2F&amp;show_text=0&amp;width=560\" width=\"560\" height=\"315\" frameborder=\"0\" scrolling=\"no\" allowfullscreen=\"allowfullscreen\"><\/iframe><\/p>\n","protected":false},"excerpt":{"rendered":"<p style=\"text-align: justify;\">\u201cYo siento mucha felicidad porque para m\u00ed la eucarist\u00eda es el oro de m\u00e1s valor y el se\u00f1or es el que siempre nos ayuda, nos sostiene. Para m\u00ed era muy duro pasar por el atrio y encontrar el templo cerrado\u201d. Estas fueron las palabras con las que, entre l\u00e1grimas, do\u00f1a Carmen Hern\u00e1ndez, quien asist\u00eda a la eucarist\u00eda de 10: 00a.m, se refiri\u00f3 a la reapertura de los templos despu\u00e9s de cinco meses.<\/p>\n","protected":false},"author":1,"featured_media":0,"comment_status":"open","ping_status":"open","sticky":false,"template":"","format":"standard","meta":{"footnotes":""},"categories":[19],"tags":[],"class_list":["post-279","post","type-post","status-publish","format-standard","hentry","category-noticias"],"_links":{"self":[{"href":"https:\/\/www.desdegranada.com\/site\/index.php?rest_route=\/wp\/v2\/posts\/279","targetHints":{"allow":["GET"]}}],"collection":[{"href":"https:\/\/www.desdegranada.com\/site\/index.php?rest_route=\/wp\/v2\/posts"}],"about":[{"href":"https:\/\/www.desdegranada.com\/site\/index.php?rest_route=\/wp\/v2\/types\/post"}],"author":[{"embeddable":true,"href":"https:\/\/www.desdegranada.com\/site\/index.php?rest_route=\/wp\/v2\/users\/1"}],"replies":[{"embeddable":true,"href":"https:\/\/www.desdegranada.com\/site\/index.php?rest_route=%2Fwp%2Fv2%2Fcomments&post=279"}],"version-history":[{"count":0,"href":"https:\/\/www.desdegranada.com\/site\/index.php?rest_route=\/wp\/v2\/posts\/279\/revisions"}],"wp:attachment":[{"href":"https:\/\/www.desdegranada.com\/site\/index.php?rest_route=%2Fwp%2Fv2%2Fmedia&parent=279"}],"wp:term":[{"taxonomy":"category","embeddable":true,"href":"https:\/\/www.desdegranada.com\/site\/index.php?rest_route=%2Fwp%2Fv2%2Fcategories&post=279"},{"taxonomy":"post_tag","embeddable":true,"href":"https:\/\/www.desdegranada.com\/site\/index.php?rest_route=%2Fwp%2Fv2%2Ftags&post=279"}],"curies":[{"name":"wp","href":"https:\/\/api.w.org\/{rel}","templated":true}]}}