{"id":280,"date":"2020-08-10T10:26:08","date_gmt":"2020-08-10T10:26:08","guid":{"rendered":"https:\/\/www.desdegranada.com\/site\/?p=280"},"modified":"2020-08-10T10:26:08","modified_gmt":"2020-08-10T10:26:08","slug":"los-sacrificios-para-ir-a-la-eucaristia-en-medio-de-la-pandemia","status":"publish","type":"post","link":"https:\/\/www.desdegranada.com\/site\/?p=280","title":{"rendered":"Los sacrificios para ir a la eucarist\u00eda en medio de la pandemia"},"content":{"rendered":"<p style=\"text-align: justify;\">\u201cEso ni por la cabeza nos pas\u00f3 si alguna vez se lleg\u00f3 a pensar, si alguien lo pudo proponer, seguramente no lo cre\u00edmos. De que el templo se llegara a cerrar o que no pod\u00edamos ingresar, es muy triste\u201d, reflexiona un feligr\u00e9s sobre el cierre de los templos.<\/p>\n<p style=\"text-align: justify;\">Otro expresaba \u201cpara mi es muy duro pasar por el atrio y encontrar el templo cerrado. Siempre que paso por el atrio, a m\u00ed siempre me gusta entrar a saludar al se\u00f1or. Una vez me toc\u00f3 escuchar la misa mirando por el rotico de la puerta\u201d.<\/p>\n<p style=\"text-align: justify;\">Y es que con la propagaci\u00f3n del covid \u2013 19 o coronavirus que se origin\u00f3 en China, todas estas actividades y cualquier otra que implicara reuni\u00f3n de personas quedaron totalmente prohibidas desde el gobierno nacional.<\/p>\n<p style=\"text-align: justify;\">Los templos se cerraron y, tan solo el sacerdote, el sacrist\u00e1n y el corista participaban de la santa misa, algo que en Granada no sucedi\u00f3 ni siquiera en la \u00e9poca en la que la violencia se recrudeci\u00f3.<\/p>\n<p style=\"text-align: justify;\">La imposici\u00f3n de sacramentos como el bautismo, la primera comuni\u00f3n, la confirmaci\u00f3n y el matrimonio se suspendi\u00f3 y con el pasar de los meses se empez\u00f3 a desarrollar tan solo con las personas a recibir cada uno de ellos, eso s\u00ed, tomando exigentes medidas para evitar la propagaci\u00f3n del virus.<\/p>\n<p style=\"text-align: justify;\">\u201cUna vez iniciada esta pandemia en el mes de marzo, hubo necesidad de cortar de ra\u00edz con todos los sacramentos, excepto la celebraci\u00f3n privada de la eucarist\u00eda que la hac\u00edamos los sacerdotes con la transmisi\u00f3n a trav\u00e9s de la emisora. Muchos no pod\u00edan celebrar ning\u00fan sacramento por esas decisiones dr\u00e1sticas que hubo que tomar frente a esta situaci\u00f3n\u201d, recuerda el presb\u00edtero Sergio Augusto Botero, p\u00e1rroco del municipio.<\/p>\n<p style=\"text-align: justify;\">Hoy, con la apertura gradual de varios sectores, la iglesia tambi\u00e9n ha venido implementando diferentes y rigurosos protocolos para lograr que las puertas de los templos est\u00e9n abiertas nuevamente a sus fieles, pues para una comunidad tan devota como la granadina, el participar de la celebraci\u00f3n eucar\u00edstica es tan necesario como comer o dormir.<\/p>\n<p style=\"text-align: justify;\">Al respecto el p\u00e1rroco expres\u00f3 \u201ccon mucha alegr\u00eda hemos registrado la apertura gradual de nuestros templos despu\u00e9s de tanto tiempo en el que ten\u00edamos el dolor de no participar activamente de las eucarist\u00edas\u201d. \u00a0<\/p>\n<p style=\"text-align: justify;\">Puesto que solo un n\u00famero determinado de personas puede acudir a las celebraciones, se ha incrementado la cantidad de eucarist\u00edas durante el fin de semana, para que m\u00e1s personas tengan la posibilidad de participar de este sacramento.<\/p>\n<p style=\"text-align: justify;\">\u201cEl aforo del templo en este momento est\u00e1 m\u00e1s o menos en un 25%. Estamos hablando de unas 120 personas en el templo principal y en el templo filial unas 70 personas, todo con los debidos protocolos. Estamos celebrando los s\u00e1bados una eucarist\u00eda m\u00e1s que es especial para nuestros campesinos y los domingos estamos celebrando en los dos templos todas las eucarist\u00edas del d\u00eda\u201d, afirma el p\u00e1rroco.<\/p>\n<p style=\"text-align: justify;\">Adem\u00e1s, para que haya participaci\u00f3n a los ni\u00f1os y adolescentes en las eucarist\u00edas, los sacerdotes de la parroquia sostuvieron una reuni\u00f3n con el mandatario local Freddy Casta\u00f1o para hablar de las medidas a tener en cuenta y ser\u00e1 a partir del domingo 16 de agosto cuando podr\u00e1n asistir al templo. La eucarist\u00eda para los ni\u00f1os ser\u00e1 a las 8:00a.m y para los adolescentes a las 7:00p.m.<\/p>\n","protected":false},"excerpt":{"rendered":"<p style=\"text-align: justify;\">Una actividad tan normal como lo era visitar los templos o asistir a la eucarist\u00eda con total libertad, sin separar un turno, sin ning\u00fan tipo de restricciones ni protocolos m\u00e1s que la intenci\u00f3n de entablar comunicaci\u00f3n con Dios, se ha convertido en tiempos de pandemia en un verdadero sacrificio.<\/p>\n","protected":false},"author":1,"featured_media":0,"comment_status":"open","ping_status":"open","sticky":false,"template":"","format":"standard","meta":{"footnotes":""},"categories":[19],"tags":[],"class_list":["post-280","post","type-post","status-publish","format-standard","hentry","category-noticias"],"_links":{"self":[{"href":"https:\/\/www.desdegranada.com\/site\/index.php?rest_route=\/wp\/v2\/posts\/280","targetHints":{"allow":["GET"]}}],"collection":[{"href":"https:\/\/www.desdegranada.com\/site\/index.php?rest_route=\/wp\/v2\/posts"}],"about":[{"href":"https:\/\/www.desdegranada.com\/site\/index.php?rest_route=\/wp\/v2\/types\/post"}],"author":[{"embeddable":true,"href":"https:\/\/www.desdegranada.com\/site\/index.php?rest_route=\/wp\/v2\/users\/1"}],"replies":[{"embeddable":true,"href":"https:\/\/www.desdegranada.com\/site\/index.php?rest_route=%2Fwp%2Fv2%2Fcomments&post=280"}],"version-history":[{"count":0,"href":"https:\/\/www.desdegranada.com\/site\/index.php?rest_route=\/wp\/v2\/posts\/280\/revisions"}],"wp:attachment":[{"href":"https:\/\/www.desdegranada.com\/site\/index.php?rest_route=%2Fwp%2Fv2%2Fmedia&parent=280"}],"wp:term":[{"taxonomy":"category","embeddable":true,"href":"https:\/\/www.desdegranada.com\/site\/index.php?rest_route=%2Fwp%2Fv2%2Fcategories&post=280"},{"taxonomy":"post_tag","embeddable":true,"href":"https:\/\/www.desdegranada.com\/site\/index.php?rest_route=%2Fwp%2Fv2%2Ftags&post=280"}],"curies":[{"name":"wp","href":"https:\/\/api.w.org\/{rel}","templated":true}]}}