{"id":281,"date":"2020-08-18T13:50:35","date_gmt":"2020-08-18T13:50:35","guid":{"rendered":"https:\/\/www.desdegranada.com\/site\/?p=281"},"modified":"2020-08-18T13:50:35","modified_gmt":"2020-08-18T13:50:35","slug":"fallecio-en-cali-don-ramon-alzate-uno-de-los-fundadores-de-la-colonia-granadina-en-esa-ciudad","status":"publish","type":"post","link":"https:\/\/www.desdegranada.com\/site\/?p=281","title":{"rendered":"Falleci\u00f3 en Cali don Ram\u00f3n Alzate, uno de los fundadores de la colonia granadina en esa ciudad"},"content":{"rendered":"<p style=\"text-align: justify;\">LA COLONIA GRANADINA. RESIDENTE EN CALI&#8230;<\/p>\n<p style=\"text-align: justify;\">Lamenta profundamente el fallecimiento de nuestro paisano y amigo entra\u00f1able.<\/p>\n<p style=\"text-align: justify;\">Se\u00f1or <br \/>Don RAM\u00d3N ALZATE..<br \/>Hoy en la ciudad de Cali, a la edad de 91 a\u00f1os..<\/p>\n<p style=\"text-align: justify;\">Don Ram\u00f3n hizo parte de ese ramillete de patriarcas granadinos fundadores de la primera colonia granadina residente en Cali en los a\u00f1os 50.<\/p>\n<p style=\"text-align: justify;\">De don Ram\u00f3n aprendimos la gratitud y el amor inmenso por nuestra patria chica&#8230;Granada, pueblo al que emulaba y recordaba con una inmensa gratitud.<\/p>\n<p style=\"text-align: justify;\">Don Ram\u00f3n Alzate fue de los grandes impulsores de la colonia granadina, como quiera que las fiestas de los paisanos por los a\u00f1os 60\u2019 y 70\u2019. en las que se recog\u00edan fondos para auxiliar a los granadinos en dificultades, se realizaban en la terraza de su casa, en el barrio colseguros.<br \/>Con una gran hospitalidad y generosidad en compa\u00f1\u00eda de su digna esposa do\u00f1a TINA, de la que todos los mayores tuvieron los mejores recuerdos.<\/p>\n<p style=\"text-align: justify;\">Gracias don Ram\u00f3n por ese cari\u00f1o, por ese apoyo, y por la voz de aliento con la que siempre nos motiv\u00f3 para no desfallecer en el proceso de consolidaci\u00f3n de la nueva \u00e9poca de la colonia granadina..<\/p>\n<p style=\"text-align: justify;\">Eterna gratitud para don Ram\u00f3n, un gran amigo, un gran se\u00f1or, un gran ser humano, gran padre y esposo, lo admir\u00e9 y lo admirar\u00e9 por siempre.<br \/>ETERNA GRATITUD.<\/p>\n<p style=\"text-align: justify;\">Sinceras condolencias y sentido p\u00e9same para do\u00f1a TINA TAMAYO, su amada esposa, sus hijos, nietos, bisnietos y dem\u00e1s familiares y amigos.<\/p>\n<p style=\"text-align: justify;\">Y que Dios todopoderoso acoja en su reino a don Ram\u00f3n. Y a su familia les brinde el consuelo y la paz en estos momentos de dolor.<\/p>\n<p style=\"text-align: justify;\">Con sentimientos de solidaridad y con inmensa gratitud<\/p>\n<p style=\"text-align: justify;\">Octavio de Jes\u00fas Quintero G\u00f3mez<br \/>Presidente <br \/>Colonia De Granada Antioquia residente en Cali.<\/p>\n<p><iframe loading=\"lazy\" style=\"border: none; overflow: hidden;\" src=\"https:\/\/www.facebook.com\/plugins\/video.php?href=https%3A%2F%2Fwww.facebook.com%2Fgranada.stereo%2Fvideos%2F1149838018730520%2F&amp;show_text=0&amp;width=560\" width=\"560\" height=\"315\" frameborder=\"0\" scrolling=\"no\" allowfullscreen=\"allowfullscreen\"><\/iframe><\/p>\n","protected":false},"excerpt":{"rendered":"<p style=\"text-align: justify;\">Don Ram\u00f3n hizo parte de ese ramillete de patriarcas granadinos fundadores de la primera colonia granadina residente en Cali en los a\u00f1os 50.<\/p>\n","protected":false},"author":1,"featured_media":0,"comment_status":"open","ping_status":"open","sticky":false,"template":"","format":"standard","meta":{"footnotes":""},"categories":[19],"tags":[],"class_list":["post-281","post","type-post","status-publish","format-standard","hentry","category-noticias"],"_links":{"self":[{"href":"https:\/\/www.desdegranada.com\/site\/index.php?rest_route=\/wp\/v2\/posts\/281","targetHints":{"allow":["GET"]}}],"collection":[{"href":"https:\/\/www.desdegranada.com\/site\/index.php?rest_route=\/wp\/v2\/posts"}],"about":[{"href":"https:\/\/www.desdegranada.com\/site\/index.php?rest_route=\/wp\/v2\/types\/post"}],"author":[{"embeddable":true,"href":"https:\/\/www.desdegranada.com\/site\/index.php?rest_route=\/wp\/v2\/users\/1"}],"replies":[{"embeddable":true,"href":"https:\/\/www.desdegranada.com\/site\/index.php?rest_route=%2Fwp%2Fv2%2Fcomments&post=281"}],"version-history":[{"count":0,"href":"https:\/\/www.desdegranada.com\/site\/index.php?rest_route=\/wp\/v2\/posts\/281\/revisions"}],"wp:attachment":[{"href":"https:\/\/www.desdegranada.com\/site\/index.php?rest_route=%2Fwp%2Fv2%2Fmedia&parent=281"}],"wp:term":[{"taxonomy":"category","embeddable":true,"href":"https:\/\/www.desdegranada.com\/site\/index.php?rest_route=%2Fwp%2Fv2%2Fcategories&post=281"},{"taxonomy":"post_tag","embeddable":true,"href":"https:\/\/www.desdegranada.com\/site\/index.php?rest_route=%2Fwp%2Fv2%2Ftags&post=281"}],"curies":[{"name":"wp","href":"https:\/\/api.w.org\/{rel}","templated":true}]}}