{"id":282,"date":"2020-08-20T23:28:18","date_gmt":"2020-08-20T23:28:18","guid":{"rendered":"https:\/\/www.desdegranada.com\/site\/?p=282"},"modified":"2020-08-20T23:28:18","modified_gmt":"2020-08-20T23:28:18","slug":"el-templo-de-la-cultura-en-granada-celebra-sus-40-anos","status":"publish","type":"post","link":"https:\/\/www.desdegranada.com\/site\/?p=282","title":{"rendered":"El templo de la cultura en Granada celebra sus 40 a\u00f1os"},"content":{"rendered":"<p style=\"text-align: justify;\">\u201cLos procesos culturales y art\u00edsticos, son indudablemente los que le dan ese toque de identidad a una poblaci\u00f3n, porque es lo que une, lo que liga\u201d, dice el docente Ram\u00f3n Yepes.<\/p>\n<p style=\"text-align: justify;\"><img loading=\"lazy\" decoding=\"async\" src=\"images\/40_aos_cc_1.jpg\" alt=\"\" width=\"750\" height=\"439\" \/><\/p>\n<p style=\"text-align: justify;\">\u201cSon 40 a\u00f1os de una cantidad de personas que han pasado por ac\u00e1, que se han formado, que han entrado a la biblioteca, que han le\u00eddo un libro, que han estudiado literatura, que han tocado un instrumento, que han declamado una poes\u00eda. Es el sentir de una comunidad en toda su historia la que se ve reflejada en ella\u201d, manifiesta Ferney Giraldo, coordinador de la casa de la cultura.<\/p>\n<p style=\"text-align: justify;\"><img loading=\"lazy\" decoding=\"async\" src=\"images\/40_aos_cc_2.jpg\" alt=\"\" width=\"750\" height=\"439\" \/><\/p>\n<p style=\"text-align: justify;\">\u201cEste es un sitio muy importante para la comunidad de Granada, porque guarda en si toda la esencia de lo que es la educaci\u00f3n en Granada con la estad\u00eda aqu\u00ed por 40 y m\u00e1s a\u00f1os de las Hermanas Franciscanas\u201d, destaca Mario G\u00f3mez, ex director de la casa de la cultura y gestor cultural del municipio.<\/p>\n<p style=\"text-align: justify;\"><img loading=\"lazy\" decoding=\"async\" src=\"images\/40_aos_cc_3.jpg\" alt=\"\" width=\"750\" height=\"439\" \/><\/p>\n<p style=\"text-align: justify;\">Desde la ni\u00f1ez hasta la poblaci\u00f3n adulta mayor tienen su espacio en cada uno de los procesos que desde all\u00ed se lideran y aportan en la construcci\u00f3n de la memoria hist\u00f3rica y cultural del municipio. \u00a0\u00a0\u00a0\u00a0\u00a0\u00a0\u00a0\u00a0\u00a0\u00a0\u00a0\u00a0\u00a0\u00a0\u00a0\u00a0\u00a0\u00a0\u00a0\u00a0\u00a0\u00a0\u00a0\u00a0\u00a0\u00a0\u00a0\u00a0\u00a0\u00a0\u00a0\u00a0\u00a0\u00a0\u00a0\u00a0\u00a0\u00a0\u00a0\u00a0\u00a0\u00a0\u00a0\u00a0\u00a0\u00a0\u00a0\u00a0\u00a0\u00a0\u00a0\u00a0\u00a0\u00a0\u00a0\u00a0\u00a0\u00a0\u00a0\u00a0\u00a0\u00a0\u00a0\u00a0\u00a0\u00a0\u00a0\u00a0\u00a0\u00a0\u00a0\u00a0\u00a0\u00a0\u00a0\u00a0\u00a0\u00a0\u00a0\u00a0\u00a0\u00a0\u00a0\u00a0\u00a0\u00a0\u00a0\u00a0\u00a0\u00a0\u00a0\u00a0\u00a0\u00a0<\/p>\n<p style=\"text-align: justify;\">Seguir impulsando y fortaleciendo los procesos art\u00edsticos y culturales, adem\u00e1s de gestionar el mantenimiento y remodelaci\u00f3n de su infraestructura son algunos de los retos m\u00e1s importantes de la casa de la cultura en sus 40 a\u00f1os de existencia.<\/p>\n<p>\u00a0<\/p>\n","protected":false},"excerpt":{"rendered":"<p style=\"text-align: justify;\">Creada mediante acuerdo del concejo municipal en el a\u00f1o de 1980, la casa de la cultura Ram\u00f3n Eduardo Duque, espacio que alberga la memoria hist\u00f3rica y cultural del municipio adem\u00e1s de diferentes procesos art\u00edsticos, cumpli\u00f3 40 a\u00f1os de historia.<\/p>\n","protected":false},"author":1,"featured_media":0,"comment_status":"open","ping_status":"open","sticky":false,"template":"","format":"standard","meta":{"footnotes":""},"categories":[19],"tags":[],"class_list":["post-282","post","type-post","status-publish","format-standard","hentry","category-noticias"],"_links":{"self":[{"href":"https:\/\/www.desdegranada.com\/site\/index.php?rest_route=\/wp\/v2\/posts\/282","targetHints":{"allow":["GET"]}}],"collection":[{"href":"https:\/\/www.desdegranada.com\/site\/index.php?rest_route=\/wp\/v2\/posts"}],"about":[{"href":"https:\/\/www.desdegranada.com\/site\/index.php?rest_route=\/wp\/v2\/types\/post"}],"author":[{"embeddable":true,"href":"https:\/\/www.desdegranada.com\/site\/index.php?rest_route=\/wp\/v2\/users\/1"}],"replies":[{"embeddable":true,"href":"https:\/\/www.desdegranada.com\/site\/index.php?rest_route=%2Fwp%2Fv2%2Fcomments&post=282"}],"version-history":[{"count":0,"href":"https:\/\/www.desdegranada.com\/site\/index.php?rest_route=\/wp\/v2\/posts\/282\/revisions"}],"wp:attachment":[{"href":"https:\/\/www.desdegranada.com\/site\/index.php?rest_route=%2Fwp%2Fv2%2Fmedia&parent=282"}],"wp:term":[{"taxonomy":"category","embeddable":true,"href":"https:\/\/www.desdegranada.com\/site\/index.php?rest_route=%2Fwp%2Fv2%2Fcategories&post=282"},{"taxonomy":"post_tag","embeddable":true,"href":"https:\/\/www.desdegranada.com\/site\/index.php?rest_route=%2Fwp%2Fv2%2Ftags&post=282"}],"curies":[{"name":"wp","href":"https:\/\/api.w.org\/{rel}","templated":true}]}}