{"id":283,"date":"2020-08-21T20:51:10","date_gmt":"2020-08-21T20:51:10","guid":{"rendered":"https:\/\/www.desdegranada.com\/site\/?p=283"},"modified":"2020-08-21T20:51:10","modified_gmt":"2020-08-21T20:51:10","slug":"comunidad-pide-mayor-socializacion-del-plan-departamental-de-aguas-que-se-debate-en-el-concejo","status":"publish","type":"post","link":"https:\/\/www.desdegranada.com\/site\/?p=283","title":{"rendered":"Comunidad pide mayor socializaci\u00f3n del Plan Departamental de Aguas que se debate en el concejo"},"content":{"rendered":"<p style=\"text-align: justify;\"><em>\u201cEl plan departamental de aguas es un proyecto de acuerdo que presenta el alcalde municipal al concejo para tratar de vincularse, el cual consiste en pignorar (ceder) el 30% de los recursos del sistema general de participaci\u00f3n para agua y saneamiento b\u00e1sico, y esos recursos, al entrar al fondo del plan departamental de aguas, Antioquia que es el que maneja este fondo, entrega otros recursos adicionales para hacer obras a nivel municipal\u201d<\/em>, expone Edwin Fernando Giraldo, presidente del honorable concejo municipal acerca de este tema.<\/p>\n<p style=\"text-align: justify;\">Dentro de la comunidad hay m\u00e1s dudas que certezas frente a los posibles beneficios que obtendr\u00eda el municipio siendo parte de dicho plan y es mayor la preocupaci\u00f3n frente a la probable p\u00e9rdida de autonom\u00eda de la Empresa de Servicios P\u00fablicos de Granada en la administraci\u00f3n de los servicios de agua, alcantarillado y aseo, y la explotaci\u00f3n de los recursos naturales tales como el agua, con el que Granada, por fortuna, cuenta en abundancia.<\/p>\n<p style=\"text-align: justify;\">Lo cierto es que la poblaci\u00f3n en general desconoce el funcionamiento del Plan Departamental de Aguas y m\u00e1s a\u00fan cuando se ha hablado de que este ha sufrido diferentes modificaciones, por lo que es necesario que se propicien escenarios de socializaci\u00f3n y explicaci\u00f3n a la comunidad frente a los alcances del Plan Departamental de Aguas.<\/p>\n<p style=\"text-align: justify;\"><strong><em>\u00bfEn qu\u00e9 va el PDA en Granada?<\/em><\/strong><\/p>\n<p style=\"text-align: justify;\">En el programa &#8216;En sinton\u00eda con la alcald\u00eda? el concejal Leiner Barrera ponente del proyecto de acuerdo cont\u00f3 como avanza el debate en el concejo<i>:<\/i><\/p>\n<p style=\"text-align: justify;\"><em>\u201cCon la comisi\u00f3n administrativa hemos venido analizando punto por punto todo el proyecto de acuerdo no solamente en lo f\u00edsico, en lo contenido, sino los efectos sociales que podr\u00eda tener. El abordaje se ha dado de una manera bastante rigurosa, hemos acudido a la visi\u00f3n de municipios que ya han tenido la experiencia con este Plan Departamental de Aguas, hemos acudido al concepto de ambientalistas, de asesores ambientales, hemos tenido las intervenciones de la comunidad con todas sus observaciones y estamos en ese ejercicio. En este momento estamos en primer debate en la comisi\u00f3n administrativa\u201d.<\/em><\/p>\n<p style=\"text-align: justify;\"><strong><em>Falta mayor socializaci\u00f3n frente el PDA <\/em><\/strong><\/p>\n<p style=\"text-align: justify;\">Al conversar con varias personas de la comunidad para conocer su opini\u00f3n sobre el Plan Departamental de Aguas, manifiestan un desconocimiento total frente a lo que es y a las implicaciones de hacer parte o no de este plan.<\/p>\n<p style=\"text-align: justify;\">El Plan Departamental de Aguas es una f\u00f3rmula de trabajo mediante la cual se a\u00fanan esfuerzos econ\u00f3micos para, en un trabajo concertado fortalecer la prestaci\u00f3n de los servicios de agua potable y saneamiento b\u00e1sico en cuanto a cobertura y calidad, sin entregar la operaci\u00f3n de estos servicios a una empresa espec\u00edfica. Los PDA se vienen aplicando desde el a\u00f1o 2007 en todos los departamentos del pa\u00eds, se origina desde el CONPES (Consejo Nacional de Pol\u00edtica Econ\u00f3mica y Social) como pol\u00edtica p\u00fablica.<\/p>\n<p style=\"text-align: justify;\">Desde los medios de comunicaci\u00f3n locales instamos a la administraci\u00f3n y concejo municipal a generar nuevos espacios de debate y socializaci\u00f3n para que la comunidad se informe en profundidad acerca de este tema, para que en la decisi\u00f3n final de hacer parte o no del PDA, tenga peso el sentir de las gentes, que son finalmente quienes se van a ver beneficiados o afectados con la participaci\u00f3n del municipio en este plan.<\/p>\n","protected":false},"excerpt":{"rendered":"<p style=\"text-align: justify;\">Es mucho lo que se ha escuchado hablar por esos d\u00edas en Granada acerca del tal PDA o Plan Departamental de Aguas. Durante las sesiones del mes de agosto fue presentado ante el concejo por parte de la administraci\u00f3n municipal.<\/p>\n","protected":false},"author":1,"featured_media":0,"comment_status":"open","ping_status":"open","sticky":false,"template":"","format":"standard","meta":{"footnotes":""},"categories":[19],"tags":[],"class_list":["post-283","post","type-post","status-publish","format-standard","hentry","category-noticias"],"_links":{"self":[{"href":"https:\/\/www.desdegranada.com\/site\/index.php?rest_route=\/wp\/v2\/posts\/283","targetHints":{"allow":["GET"]}}],"collection":[{"href":"https:\/\/www.desdegranada.com\/site\/index.php?rest_route=\/wp\/v2\/posts"}],"about":[{"href":"https:\/\/www.desdegranada.com\/site\/index.php?rest_route=\/wp\/v2\/types\/post"}],"author":[{"embeddable":true,"href":"https:\/\/www.desdegranada.com\/site\/index.php?rest_route=\/wp\/v2\/users\/1"}],"replies":[{"embeddable":true,"href":"https:\/\/www.desdegranada.com\/site\/index.php?rest_route=%2Fwp%2Fv2%2Fcomments&post=283"}],"version-history":[{"count":0,"href":"https:\/\/www.desdegranada.com\/site\/index.php?rest_route=\/wp\/v2\/posts\/283\/revisions"}],"wp:attachment":[{"href":"https:\/\/www.desdegranada.com\/site\/index.php?rest_route=%2Fwp%2Fv2%2Fmedia&parent=283"}],"wp:term":[{"taxonomy":"category","embeddable":true,"href":"https:\/\/www.desdegranada.com\/site\/index.php?rest_route=%2Fwp%2Fv2%2Fcategories&post=283"},{"taxonomy":"post_tag","embeddable":true,"href":"https:\/\/www.desdegranada.com\/site\/index.php?rest_route=%2Fwp%2Fv2%2Ftags&post=283"}],"curies":[{"name":"wp","href":"https:\/\/api.w.org\/{rel}","templated":true}]}}