{"id":284,"date":"2020-08-22T17:34:15","date_gmt":"2020-08-22T17:34:15","guid":{"rendered":"https:\/\/www.desdegranada.com\/site\/?p=284"},"modified":"2020-08-22T17:34:15","modified_gmt":"2020-08-22T17:34:15","slug":"pda-continua-en-evaluacion-aun-no-pasa-primer-debate-en-comision-administrativa","status":"publish","type":"post","link":"https:\/\/www.desdegranada.com\/site\/?p=284","title":{"rendered":"PDA contin\u00faa en evaluaci\u00f3n. A\u00fan no pasa primer debate en comisi\u00f3n administrativa"},"content":{"rendered":"<p style=\"text-align: justify;\">Leiner comprende los temores de la comunidad respecto a dicho plan reconociendo que \u201ces un proceso que sin duda alguna prende las alarmas en muchos ciudadanos\u201d, pero enfatiz\u00f3 tambi\u00e9n en que \u201ca espaldas de la comunidad no se puede tomar ninguna decisi\u00f3n\u201d.<\/p>\n<p style=\"text-align: justify;\">Tambi\u00e9n puede leer:\u00a0<a href=\"actualidad\/item\/233-comunidad-pide-mayor-socializacion-del-plan-departamental-de-aguas-que-se-debate-en-el-concejo\" target=\"_blank\" rel=\"noopener noreferrer\">Comunidad pide mayor socializaci\u00f3n del Plan Departamental de Aguas que se debate en el concejo<\/a>.<\/p>\n<p style=\"text-align: justify;\">En una breve conversaci\u00f3n con los medios de comunicaci\u00f3n locales, Leiner Barrera, expuso de manera resumida los avances que ha tenido en el concejo el proyecto de acuerdo del PDA.<\/p>\n<p style=\"text-align: justify;\">\u201cEl plan Departamental de Aguas en Granada es un tema que no ha tenido mayor trascendencia. En estos momentos se encuentra en debate en primera comisi\u00f3n del concejo. Somos tres concejales que analizamos la conveniencia, la pertinencia y constitucionalidad de este proyecto de acuerdo para luego decidir si se aprueba o no se aprueba. Si se aprueba en primer debate, pasa a segundo debate, que es con toda la plenaria, con todo el concejo en s\u00ed. En estos momentos ning\u00fan concejal ha dicho que lo va a apoyar\u201d, expuso el concejal.<\/p>\n<p style=\"text-align: justify;\">Para que el Plan Departamental de Aguas se haga efectivo para Granada, debe pasar los dos debates en el concejo municipal. Si por el contrario la comisi\u00f3n administrativa, que viene haciendo la evaluaci\u00f3n del proyecto de acuerdo, decide hundir el proyecto luego de su respectivo an\u00e1lisis, no surtir\u00e1 ning\u00fan efecto.<\/p>\n<p style=\"text-align: justify;\">\u00a0<\/p>\n","protected":false},"excerpt":{"rendered":"<p style=\"text-align: justify;\">\u201cEl concejo a\u00fan no ha determinado si pasa o no. Estamos escuchando a la comunidad, nos vamos a dar a la tarea de escuchar a la comunidad para poder determinar nosotros si s\u00ed nos conviene\u201d. As\u00ed se refiri\u00f3 el concejal m\u00e1s joven del municipio al proyecto de acuerdo que pretende impulsar la participaci\u00f3n de Granada en el Plan Departamental de Aguas, del que es ponente.<\/p>\n","protected":false},"author":1,"featured_media":0,"comment_status":"open","ping_status":"open","sticky":false,"template":"","format":"standard","meta":{"footnotes":""},"categories":[19],"tags":[],"class_list":["post-284","post","type-post","status-publish","format-standard","hentry","category-noticias"],"_links":{"self":[{"href":"https:\/\/www.desdegranada.com\/site\/index.php?rest_route=\/wp\/v2\/posts\/284","targetHints":{"allow":["GET"]}}],"collection":[{"href":"https:\/\/www.desdegranada.com\/site\/index.php?rest_route=\/wp\/v2\/posts"}],"about":[{"href":"https:\/\/www.desdegranada.com\/site\/index.php?rest_route=\/wp\/v2\/types\/post"}],"author":[{"embeddable":true,"href":"https:\/\/www.desdegranada.com\/site\/index.php?rest_route=\/wp\/v2\/users\/1"}],"replies":[{"embeddable":true,"href":"https:\/\/www.desdegranada.com\/site\/index.php?rest_route=%2Fwp%2Fv2%2Fcomments&post=284"}],"version-history":[{"count":0,"href":"https:\/\/www.desdegranada.com\/site\/index.php?rest_route=\/wp\/v2\/posts\/284\/revisions"}],"wp:attachment":[{"href":"https:\/\/www.desdegranada.com\/site\/index.php?rest_route=%2Fwp%2Fv2%2Fmedia&parent=284"}],"wp:term":[{"taxonomy":"category","embeddable":true,"href":"https:\/\/www.desdegranada.com\/site\/index.php?rest_route=%2Fwp%2Fv2%2Fcategories&post=284"},{"taxonomy":"post_tag","embeddable":true,"href":"https:\/\/www.desdegranada.com\/site\/index.php?rest_route=%2Fwp%2Fv2%2Ftags&post=284"}],"curies":[{"name":"wp","href":"https:\/\/api.w.org\/{rel}","templated":true}]}}