{"id":285,"date":"2020-08-24T20:00:16","date_gmt":"2020-08-24T20:00:16","guid":{"rendered":"https:\/\/www.desdegranada.com\/site\/?p=285"},"modified":"2020-08-24T20:00:16","modified_gmt":"2020-08-24T20:00:16","slug":"feedback-juvenil-nueva-propuesta-radial-para-la-juventud-de-granada","status":"publish","type":"post","link":"https:\/\/www.desdegranada.com\/site\/?p=285","title":{"rendered":"Feedback juvenil, nueva propuesta radial para la juventud de Granada"},"content":{"rendered":"<p style=\"text-align: justify;\">\u201cEs una iniciativa en medio de la situaci\u00f3n que vive el mundo a ra\u00edz de la pandemia, que permite la participaci\u00f3n juvenil, la expresi\u00f3n juvenil, pasar un rato ameno. Feedback porque los j\u00f3venes necesitan retroalimentaci\u00f3n y ese es el ideal que tenemos\u201d, relata Daniel Giraldo respecto a la naciente propuesta.<\/p>\n<p style=\"text-align: justify;\">Cada semana a partir de las 9:00p.m, Vanesa Yepes, Lina Herrera, Juan Diego Garc\u00eda y Daniel Giraldo, miembros del equipo de trabajo estar\u00e1n llegando hasta los receptores de la poblaci\u00f3n joven y comunidad en general con esta oferta radial que re\u00fane m\u00fasica, historias e informaci\u00f3n de inter\u00e9s.<\/p>\n<p style=\"text-align: justify;\">\u201cEste programa es de j\u00f3venes y para j\u00f3venes y lo que pretende es llegarle a ellos, llevarles esa comunicaci\u00f3n de diversos temas de actualidad, del cotidiano vivir para que est\u00e9n al d\u00eda de una manera diferente. Se pretende llegar de una manera m\u00e1s din\u00e1mica, m\u00e1s dispersa para captar la atenci\u00f3n del p\u00fablico\u201d, nos cuenta Juan Diego Garc\u00eda, uno de los promotores de la iniciativa.<\/p>\n<p style=\"text-align: justify;\">Este espacio radial tambi\u00e9n lleva su emisi\u00f3n a trav\u00e9s de las redes sociales de Granada Stereo con el prop\u00f3sito generar un mayor impacto en el p\u00fablico.<\/p>\n<p style=\"text-align: justify;\"><iframe loading=\"lazy\" src=\"\/\/www.youtube.com\/embed\/uI_vvIlTNUM\" width=\"560\" height=\"314\" allowfullscreen=\"allowfullscreen\"><\/iframe><\/p>\n","protected":false},"excerpt":{"rendered":"<p style=\"text-align: justify;\">Desde el 19 de agosto, un grupo de j\u00f3venes granadinos se tomaron los micr\u00f3fonos de la radio local. Y es que desde esta fecha, las noches de los mi\u00e9rcoles en la emisora Granada Stereo tienen un toque diferente, una nueva energ\u00eda por cuenta del nuevo espacio \u2018Feedback juvenil\u2019.<\/p>\n","protected":false},"author":1,"featured_media":0,"comment_status":"open","ping_status":"open","sticky":false,"template":"","format":"standard","meta":{"footnotes":""},"categories":[19],"tags":[],"class_list":["post-285","post","type-post","status-publish","format-standard","hentry","category-noticias"],"_links":{"self":[{"href":"https:\/\/www.desdegranada.com\/site\/index.php?rest_route=\/wp\/v2\/posts\/285","targetHints":{"allow":["GET"]}}],"collection":[{"href":"https:\/\/www.desdegranada.com\/site\/index.php?rest_route=\/wp\/v2\/posts"}],"about":[{"href":"https:\/\/www.desdegranada.com\/site\/index.php?rest_route=\/wp\/v2\/types\/post"}],"author":[{"embeddable":true,"href":"https:\/\/www.desdegranada.com\/site\/index.php?rest_route=\/wp\/v2\/users\/1"}],"replies":[{"embeddable":true,"href":"https:\/\/www.desdegranada.com\/site\/index.php?rest_route=%2Fwp%2Fv2%2Fcomments&post=285"}],"version-history":[{"count":0,"href":"https:\/\/www.desdegranada.com\/site\/index.php?rest_route=\/wp\/v2\/posts\/285\/revisions"}],"wp:attachment":[{"href":"https:\/\/www.desdegranada.com\/site\/index.php?rest_route=%2Fwp%2Fv2%2Fmedia&parent=285"}],"wp:term":[{"taxonomy":"category","embeddable":true,"href":"https:\/\/www.desdegranada.com\/site\/index.php?rest_route=%2Fwp%2Fv2%2Fcategories&post=285"},{"taxonomy":"post_tag","embeddable":true,"href":"https:\/\/www.desdegranada.com\/site\/index.php?rest_route=%2Fwp%2Fv2%2Ftags&post=285"}],"curies":[{"name":"wp","href":"https:\/\/api.w.org\/{rel}","templated":true}]}}