{"id":286,"date":"2020-08-27T22:14:05","date_gmt":"2020-08-27T22:14:05","guid":{"rendered":"https:\/\/www.desdegranada.com\/site\/?p=286"},"modified":"2020-08-27T22:14:05","modified_gmt":"2020-08-27T22:14:05","slug":"decimas-de-diego-alexander-gomez-pichingo-sobre-leonel-garcia-tamayo","status":"publish","type":"post","link":"https:\/\/www.desdegranada.com\/site\/?p=286","title":{"rendered":"D\u00e9cimas de Diego Alexander G\u00f3mez &#8216;Pichingo&#8217; sobre Leonel Garc\u00eda Tamayo"},"content":{"rendered":"<p style=\"text-align: justify;\">Amigo del aguardiente <br \/>La poes\u00eda y la farra<br \/>Y tuvo por su guitarra <br \/>Un amor omnipotente <br \/>Fue de la amistad el cliente <br \/>M\u00e1s grato, leal y fiel,<br \/>Amigo de este y aquel <br \/>Trat\u00f3 a todos por igual <br \/>Por eso en su funeral <br \/>Todos lloran por Leonel.<\/p>\n<p>Adi\u00f3s amigo poeta<br \/>Nos vemos en la otra vida <br \/>Cuando el creador nos pida <br \/>Empacar nuestra maleta<br \/>No olvides que este planeta <br \/>Que se est\u00e1 haciendo chatarra <br \/>Tu mejor recuerdo amarra <br \/>En el coraz\u00f3n de tantos <br \/>Que recordaran tus cantos<br \/>En especial tu guitarra\u2026<\/p>\n","protected":false},"excerpt":{"rendered":"<p style=\"text-align: justify;\">FOTO: Didier Giraldo Hernandez<\/p>\n<p style=\"text-align: justify;\">TEXTO: Diego A. G\u00f3mez \u00abPichingo\u00bb<\/p>\n<p style=\"text-align: justify;\">\u201cMarica, muri\u00f3 Leonel\u201d<br \/>Fue la raz\u00f3n que me dieron<br \/>Y de una se me vinieron <br \/>Muchos recuerdos de \u00e9l. <br \/>Cuantos tendr\u00e1n a granel<br \/>Historias y gratitud <br \/>Con Leonel que a plenitud <br \/>Se goz\u00f3 toda Granada <br \/>Ya con la piel muy ajada <br \/>Pero lleno e\u2019 juventud.<\/p>\n","protected":false},"author":1,"featured_media":0,"comment_status":"open","ping_status":"open","sticky":false,"template":"","format":"standard","meta":{"footnotes":""},"categories":[20],"tags":[],"class_list":["post-286","post","type-post","status-publish","format-standard","hentry","category-columnistas"],"_links":{"self":[{"href":"https:\/\/www.desdegranada.com\/site\/index.php?rest_route=\/wp\/v2\/posts\/286","targetHints":{"allow":["GET"]}}],"collection":[{"href":"https:\/\/www.desdegranada.com\/site\/index.php?rest_route=\/wp\/v2\/posts"}],"about":[{"href":"https:\/\/www.desdegranada.com\/site\/index.php?rest_route=\/wp\/v2\/types\/post"}],"author":[{"embeddable":true,"href":"https:\/\/www.desdegranada.com\/site\/index.php?rest_route=\/wp\/v2\/users\/1"}],"replies":[{"embeddable":true,"href":"https:\/\/www.desdegranada.com\/site\/index.php?rest_route=%2Fwp%2Fv2%2Fcomments&post=286"}],"version-history":[{"count":0,"href":"https:\/\/www.desdegranada.com\/site\/index.php?rest_route=\/wp\/v2\/posts\/286\/revisions"}],"wp:attachment":[{"href":"https:\/\/www.desdegranada.com\/site\/index.php?rest_route=%2Fwp%2Fv2%2Fmedia&parent=286"}],"wp:term":[{"taxonomy":"category","embeddable":true,"href":"https:\/\/www.desdegranada.com\/site\/index.php?rest_route=%2Fwp%2Fv2%2Fcategories&post=286"},{"taxonomy":"post_tag","embeddable":true,"href":"https:\/\/www.desdegranada.com\/site\/index.php?rest_route=%2Fwp%2Fv2%2Ftags&post=286"}],"curies":[{"name":"wp","href":"https:\/\/api.w.org\/{rel}","templated":true}]}}