{"id":287,"date":"2020-08-27T22:31:10","date_gmt":"2020-08-27T22:31:10","guid":{"rendered":"https:\/\/www.desdegranada.com\/site\/?p=287"},"modified":"2020-08-27T22:31:10","modified_gmt":"2020-08-27T22:31:10","slug":"aquilino-el-andariego","status":"publish","type":"post","link":"https:\/\/www.desdegranada.com\/site\/?p=287","title":{"rendered":"Aquilino el andariego"},"content":{"rendered":"<p style=\"text-align: justify;\">En este entretenido relato, que ir\u00e1 desde la fundaci\u00f3n de Granada hasta la actualidad, se tocar\u00e1n diversos temas como la gastronom\u00eda, el deporte y la m\u00fasica, entre otros relacionados con el pa\u00eds y el resto del mundo. Nuestro gu\u00eda para el viaje ser\u00e1 Aquilino, un lector veterano que deambula por el pueblo y aprovecha cualquier ocasi\u00f3n para echarle un cuento a quien se cruza en el camino.<\/p>\n<p style=\"text-align: justify;\"><img decoding=\"async\" src=\"images\/Aquilino_2.jpg\" alt=\"\" \/><\/p>\n<p style=\"text-align: justify;\">Aquilino tambi\u00e9n quiere escuchar las voces del municipio. Lanzaremos 4 concursos en los que todos podr\u00e1n participar y ganar una remuneraci\u00f3n econ\u00f3mica, junto a la oportunidad de aparecer en la radionovela. El primer concurso invita a compartir una historia personal o familiar del pueblo; el segundo un chiste; el tercero alg\u00fan apodo representativo de la regi\u00f3n y su origen; el cuarto un cuento corto de m\u00e1ximo 100 palabras.<\/p>\n<p style=\"text-align: justify;\">Esta es la oportunidad perfecta para dar a conocer la diversidad granadina e interactuar de forma creativa con nuestro pasado. Si deseas saber m\u00e1s sobre el proyecto, sintoniza Granada Est\u00e9reo 104.4 f.m. La pr\u00f3xima semana dedicaremos un programa a hablar de c\u00f3mo surgi\u00f3 y qu\u00e9 esperamos de esta iniciativa.\u00a0\u00a0<\/p>\n","protected":false},"excerpt":{"rendered":"<p style=\"text-align: justify;\">La emisora Granada Est\u00e9reo, en alianza con los j\u00f3venes de la Corporaci\u00f3n Cultural Almenar, gan\u00f3 una de las \u201cBecas Para la Realizaci\u00f3n de Franjas Radiales Radios Ciudadanas\u201d, en el marco de las Convocatorias de Est\u00edmulos 2020 del Ministerio de Cultura. Gracias a ello emitiremos una serie de 13 programas en los que se narrar\u00e1 la historia del municipio a trav\u00e9s de una radionovela.\u00a0<\/p>\n","protected":false},"author":1,"featured_media":0,"comment_status":"open","ping_status":"open","sticky":false,"template":"","format":"standard","meta":{"footnotes":""},"categories":[19],"tags":[],"class_list":["post-287","post","type-post","status-publish","format-standard","hentry","category-noticias"],"_links":{"self":[{"href":"https:\/\/www.desdegranada.com\/site\/index.php?rest_route=\/wp\/v2\/posts\/287","targetHints":{"allow":["GET"]}}],"collection":[{"href":"https:\/\/www.desdegranada.com\/site\/index.php?rest_route=\/wp\/v2\/posts"}],"about":[{"href":"https:\/\/www.desdegranada.com\/site\/index.php?rest_route=\/wp\/v2\/types\/post"}],"author":[{"embeddable":true,"href":"https:\/\/www.desdegranada.com\/site\/index.php?rest_route=\/wp\/v2\/users\/1"}],"replies":[{"embeddable":true,"href":"https:\/\/www.desdegranada.com\/site\/index.php?rest_route=%2Fwp%2Fv2%2Fcomments&post=287"}],"version-history":[{"count":0,"href":"https:\/\/www.desdegranada.com\/site\/index.php?rest_route=\/wp\/v2\/posts\/287\/revisions"}],"wp:attachment":[{"href":"https:\/\/www.desdegranada.com\/site\/index.php?rest_route=%2Fwp%2Fv2%2Fmedia&parent=287"}],"wp:term":[{"taxonomy":"category","embeddable":true,"href":"https:\/\/www.desdegranada.com\/site\/index.php?rest_route=%2Fwp%2Fv2%2Fcategories&post=287"},{"taxonomy":"post_tag","embeddable":true,"href":"https:\/\/www.desdegranada.com\/site\/index.php?rest_route=%2Fwp%2Fv2%2Ftags&post=287"}],"curies":[{"name":"wp","href":"https:\/\/api.w.org\/{rel}","templated":true}]}}