{"id":288,"date":"2020-08-29T14:18:49","date_gmt":"2020-08-29T14:18:49","guid":{"rendered":"https:\/\/www.desdegranada.com\/site\/?p=288"},"modified":"2020-08-29T14:18:49","modified_gmt":"2020-08-29T14:18:49","slug":"granada-recuerda-a-sus-victimas-de-desaparicion-forzada","status":"publish","type":"post","link":"https:\/\/www.desdegranada.com\/site\/?p=288","title":{"rendered":"Granada recuerda a sus v\u00edctimas de desaparici\u00f3n forzada"},"content":{"rendered":"<p style=\"text-align: justify;\">Es por eso que este domingo a las 12 del d\u00eda se tendr\u00e1\u00a0una celebraci\u00f3n eucar\u00edstica en el templo parroquial por las v\u00edctimas de desaparici\u00f3n forzada, seguido de un acto simb\u00f3lico en el atrio, que tendr\u00e1n transmisi\u00f3n por los medios de comunicaci\u00f3n locales.<\/p>\n<p style=\"text-align: justify;\">Del mismo modo, se\u00a0\u00a0ubicar\u00e1n siluetas que representan a los desaparecidos en\u00a0diferentes puntos estrat\u00e9gicos del municipio con el prop\u00f3sito de sensibilizar y generar conciencia acerca de esta forma de violencia que en la localidad ha dejado al menos 698 v\u00edctimas.<\/p>\n<p style=\"text-align: justify;\">Para honrar la memoria de las v\u00edctimas de este crimen y con la idea de promover la participaci\u00f3n de\u00a0la comunidad en la conmemoraci\u00f3n de esta fecha, se ha propuesto tambi\u00e9n redactar\u00a0una carta, sea a un desaparecido, a un familiar, a un amigo o al territorio, en la que se exprese el sentir sobre este fen\u00f3meno o la solidaridad con las familias que buscan a sus seres queridos. Las cartas ser\u00e1n publicadas en las redes sociales y p\u00e1gina web del Sal\u00f3n del Nunca M\u00e1s.<\/p>\n<p style=\"text-align: justify;\">El s\u00e1bado 5 de septiembre a las 10 de la ma\u00f1ana se\u00a0cerrar\u00e1 con\u00a0un conversatorio en el parque educativo con testimonios de familiares de desaparecidos y actividades de sensibilizaci\u00f3n.<\/p>\n<p>\u00a0<\/p>\n<p style=\"text-align: justify;\">\u00a0<\/p>\n","protected":false},"excerpt":{"rendered":"<p style=\"text-align: justify;\">Cada 30 de agosto se conmemora el d\u00eda internacional del detenido desaparecido y en el marco de esta fecha se realizar\u00e1n en Granada diversas actividades.<\/p>\n","protected":false},"author":1,"featured_media":0,"comment_status":"open","ping_status":"open","sticky":false,"template":"","format":"standard","meta":{"footnotes":""},"categories":[19],"tags":[],"class_list":["post-288","post","type-post","status-publish","format-standard","hentry","category-noticias"],"_links":{"self":[{"href":"https:\/\/www.desdegranada.com\/site\/index.php?rest_route=\/wp\/v2\/posts\/288","targetHints":{"allow":["GET"]}}],"collection":[{"href":"https:\/\/www.desdegranada.com\/site\/index.php?rest_route=\/wp\/v2\/posts"}],"about":[{"href":"https:\/\/www.desdegranada.com\/site\/index.php?rest_route=\/wp\/v2\/types\/post"}],"author":[{"embeddable":true,"href":"https:\/\/www.desdegranada.com\/site\/index.php?rest_route=\/wp\/v2\/users\/1"}],"replies":[{"embeddable":true,"href":"https:\/\/www.desdegranada.com\/site\/index.php?rest_route=%2Fwp%2Fv2%2Fcomments&post=288"}],"version-history":[{"count":0,"href":"https:\/\/www.desdegranada.com\/site\/index.php?rest_route=\/wp\/v2\/posts\/288\/revisions"}],"wp:attachment":[{"href":"https:\/\/www.desdegranada.com\/site\/index.php?rest_route=%2Fwp%2Fv2%2Fmedia&parent=288"}],"wp:term":[{"taxonomy":"category","embeddable":true,"href":"https:\/\/www.desdegranada.com\/site\/index.php?rest_route=%2Fwp%2Fv2%2Fcategories&post=288"},{"taxonomy":"post_tag","embeddable":true,"href":"https:\/\/www.desdegranada.com\/site\/index.php?rest_route=%2Fwp%2Fv2%2Ftags&post=288"}],"curies":[{"name":"wp","href":"https:\/\/api.w.org\/{rel}","templated":true}]}}