{"id":289,"date":"2020-08-29T15:16:37","date_gmt":"2020-08-29T15:16:37","guid":{"rendered":"https:\/\/www.desdegranada.com\/site\/?p=289"},"modified":"2020-08-29T15:16:37","modified_gmt":"2020-08-29T15:16:37","slug":"a-un-familiar-de-un-desaparecido","status":"publish","type":"post","link":"https:\/\/www.desdegranada.com\/site\/?p=289","title":{"rendered":"A un familiar de un desaparecido"},"content":{"rendered":"<p style=\"text-align: justify;\"><span style=\"font-weight: 400;\">Tengo la fortuna de compartir d\u00eda a d\u00eda con casi todos mis familiares y aunque la guerra s\u00ed me ha arrebatado seres queridos, no he vivido una situaci\u00f3n tan dif\u00edcil como la tuya.<\/span><\/p>\n<p style=\"text-align: justify;\">No dimensiono la magnitud de tu dolor, porque nadie puede sentir lo que t\u00fa por la ausencia de ese padre o madre, espos@, hij@ o cualquier miembro de tu familia, pero tampoco puedo ser indolente y es por eso que hoy me solidarizo con tu tristeza y ese c\u00famulo de sentimientos que genera el no saber desde hace muchos a\u00f1os de esa persona amada.<\/p>\n<p style=\"text-align: justify;\"><span style=\"font-weight: 400;\">He podido escuchar a personas que como t\u00fa sufren, a veces en silencio, porque te robaron la posibilidad de compartir tu tiempo con ese ser que para ti es tan especial. Me he dado cuenta de que en ocasiones piensas en que posiblemente aquella persona, que permanece en tu mente y tu coraz\u00f3n, a\u00fan se encuentra con vida, que piensas en si ya comi\u00f3 un plato de sopa caliente o tom\u00f3 una taza de chocolate, en si tal vez tiene fr\u00edo o sufre otras necesidades, y lo entiendo y me conmuevo porque son las cosas que nos inquietan cuando amamos a alguien; eso aunque no est\u00e9n cerca de nosotros.<\/span><\/p>\n<p style=\"text-align: justify;\"><span style=\"font-weight: 400;\">Todo lo que sufres y esos testimonios que mis o\u00eddos han escuchado, tambi\u00e9n me generan tristeza, porque eran personas buenas y solo quer\u00edan vivir. A ellos tambi\u00e9n les arrebataron la oportunidad de disfrutar su ni\u00f1ez, de hacerse grandes y conformar un hogar, de ver crecer a sus hijos, de acompa\u00f1ar a sus padres en la vejez y de trabajar para alcanzar todos sus prop\u00f3sitos y ayudar a sus familias. Simplemente no se los permitieron.<\/span><\/p>\n<p style=\"text-align: justify;\"><span style=\"font-weight: 400;\">Deseo que el buen Dios te de las fuerzas para seguir adelante y que m\u00e1s temprano que tarde recibas noticias de aquel ser querido, noticias que te permitan tener un poco de tranquilidad en medio de tanto dolor e incertidumbre.<\/span><\/p>\n<p style=\"text-align: justify;\"><span style=\"font-weight: 400;\">Quiero despedirme dici\u00e9ndote que no est\u00e1s solo, que hay personas que sufren tanto como t\u00fa y otras, que con su sensibilidad, trabajan junto a diferentes organizaciones para visibilizar tu situaci\u00f3n y evitar que tu familiar quede en el olvido solo porque no est\u00e1 contigo, porque te lo arrebataron.<\/span><\/p>\n<p style=\"text-align: justify;\">\u00a0<\/p>\n<p style=\"text-align: justify;\">\u00a0<\/p>\n<p style=\"text-align: justify;\"><span style=\"font-weight: 400;\">Saludos y mucha fortaleza!<\/span><\/p>\n<p style=\"text-align: justify;\">\u00a0<\/p>\n","protected":false},"excerpt":{"rendered":"<p style=\"text-align: justify;\"><span style=\"font-weight: 400;\">Abrazo fraterno!<\/span><\/p>\n<p style=\"text-align: justify;\"><span style=\"font-weight: 400;\">A ti que adem\u00e1s de soportar los golpes que a veces nos da la vida convives a diario con el dolor de no saber d\u00f3nde se encuentra tu ser querido, a ti que a cada segundo te invade la incertidumbre de saber c\u00f3mo y d\u00f3nde est\u00e1 esa persona que tanto te importa, a ti que por la ausencia de uno o varios familiares te sientes incompleto, te dedico estas l\u00edneas.<\/span><\/p>\n","protected":false},"author":1,"featured_media":0,"comment_status":"open","ping_status":"open","sticky":false,"template":"","format":"standard","meta":{"footnotes":""},"categories":[20],"tags":[],"class_list":["post-289","post","type-post","status-publish","format-standard","hentry","category-columnistas"],"_links":{"self":[{"href":"https:\/\/www.desdegranada.com\/site\/index.php?rest_route=\/wp\/v2\/posts\/289","targetHints":{"allow":["GET"]}}],"collection":[{"href":"https:\/\/www.desdegranada.com\/site\/index.php?rest_route=\/wp\/v2\/posts"}],"about":[{"href":"https:\/\/www.desdegranada.com\/site\/index.php?rest_route=\/wp\/v2\/types\/post"}],"author":[{"embeddable":true,"href":"https:\/\/www.desdegranada.com\/site\/index.php?rest_route=\/wp\/v2\/users\/1"}],"replies":[{"embeddable":true,"href":"https:\/\/www.desdegranada.com\/site\/index.php?rest_route=%2Fwp%2Fv2%2Fcomments&post=289"}],"version-history":[{"count":0,"href":"https:\/\/www.desdegranada.com\/site\/index.php?rest_route=\/wp\/v2\/posts\/289\/revisions"}],"wp:attachment":[{"href":"https:\/\/www.desdegranada.com\/site\/index.php?rest_route=%2Fwp%2Fv2%2Fmedia&parent=289"}],"wp:term":[{"taxonomy":"category","embeddable":true,"href":"https:\/\/www.desdegranada.com\/site\/index.php?rest_route=%2Fwp%2Fv2%2Fcategories&post=289"},{"taxonomy":"post_tag","embeddable":true,"href":"https:\/\/www.desdegranada.com\/site\/index.php?rest_route=%2Fwp%2Fv2%2Ftags&post=289"}],"curies":[{"name":"wp","href":"https:\/\/api.w.org\/{rel}","templated":true}]}}