{"id":290,"date":"2020-08-29T20:06:27","date_gmt":"2020-08-29T20:06:27","guid":{"rendered":"https:\/\/www.desdegranada.com\/site\/?p=290"},"modified":"2020-08-29T20:06:27","modified_gmt":"2020-08-29T20:06:27","slug":"mi-querido-y-recordado-padre","status":"publish","type":"post","link":"https:\/\/www.desdegranada.com\/site\/?p=290","title":{"rendered":"Mi querido y recordado padre"},"content":{"rendered":"<p style=\"text-align: justify;\">En ese momento no s\u00e9 qu\u00e9 paso por\u00a0 mi mente pero supuse que la bit\u00e1cora era pap\u00e1, la acost\u00e9 a la orilla donde \u00e9l dorm\u00eda, la aferre a mi pecho, besaba sus mejillas, su frente y con mi dedo acariciaba cada parte de su rostro, era como si sus ojos aguados y brillosos me quisieran decir algo, no pod\u00eda llorar duro ya que mama se daba cuenta, cobije la bit\u00e1cora supuse que pap\u00e1 ten\u00eda fr\u00edo. En el trascurso de la noche me despertaba y comenzaba a llorar ya que todo era una simple imaginaci\u00f3n, puesto que pap\u00e1 no estaba. Amanec\u00ed con la bit\u00e1cora en la orilla y vi la foto de pap\u00e1 y me dije <strong>fue una noche linda, pues dorm\u00ed con pap\u00e1 como cuando era peque\u00f1a.<\/strong><\/p>\n<p style=\"text-align: justify;\"><strong>EN EL FONDO DE UNA MONTA\u00d1A<\/strong><\/p>\n<p style=\"text-align: justify;\">No s\u00e9 d\u00f3nde te encuentres ni rodeado de que estar\u00e1s, si tengas hambre fr\u00edo, calor, sed o en el peor de los casos que est\u00e9s enfermo y no poderte ayudar, siento demasiada impotencia ver las monta\u00f1as y no verte a ti en ellas, siento un presentimiento en mi pecho muy grande de poderte encontrar en alg\u00fan fondo de la monta\u00f1a, confi\u00f3 en la naturaleza y s\u00e9 que si llueve, los \u00e1rboles y las ramas no te dejaran mojar; que si tienes fr\u00edo, alguna quebrada te quitara la sed; si tienes hambre, encontraras alg\u00fan fruto; si estas enfermo, te curaras con alguna hierba; si te quieres ba\u00f1ar, encontraras alguna quebrada cristalina, en ella te reconfortar\u00e1s y te llenar\u00e1 de \u00e1nimo y fuerza para seguir adelante. Por favor no te rindas, mira aquel sol hermoso y brilloso que sobresale por los arbustos, deja que te d\u00e9 un poco de energ\u00eda, recuerda que el sol de los venados es el mejor, que por m\u00e1s que corten las flores, no podr\u00e1n detener la primavera y esa primavera eres t\u00fa, por favor pon atenci\u00f3n a cada movimiento de ellos (los secuestradores) te quieren opacar, no te dejes, sos fuerte y recuerda, la peor batalla es la que no se lucha, y esta vos y yo la vamos a ganar, lev\u00e1ntate, ve y lucha por tu vida y la de los dem\u00e1s secuestrados.<\/p>\n<p style=\"text-align: justify;\">Le temo a las tempestades que son lluvias fuertes, siento que pap\u00e1 se moja, me da pavor cuando hace tanto sol, quiz\u00e1s pap\u00e1 este sin agua cerca de \u00e9l, le temo al hambre, quiz\u00e1s pap\u00e1 no tenga nada para comer, le temo a todo aquello que\u00a0 yo tengo\u00a0\u00a0 y el no, por favor t\u00fa que lo tienes secuestrado a \u00e9l y muchos m\u00e1s, dale agua, no dejes que muera con sed, no los amarres con cadenas en el cuello, son humanos no objetos, no los golpees, d\u00e9jalos libres ya por favor, m\u00edrale los ojos, no son felices. En cambio a ti, te da satisfacci\u00f3n ver el sufrimiento de ellos y el de sus seres querido, no seas tan cobarde de acabar con una vida que no te pertenece, ellos como tu tienen hijos, madres\u00a0 y esposas como las tuyas, d\u00e9jalos libres\u00a0 yaaa, qu\u00e9 te cuesta, es m\u00e1s, te liberar\u00e1s y volver\u00e1s a vivir, s\u00e9 que no tienes vida desde que da\u00f1as la de los dem\u00e1s.\u00a0<\/p>\n<p style=\"text-align: justify;\">YESICA GIRALDO.\u00a0<\/p>\n<p><iframe loading=\"lazy\" style=\"border: none; overflow: hidden;\" src=\"https:\/\/www.facebook.com\/plugins\/video.php?href=https%3A%2F%2Fwww.facebook.com%2Fgranada.stereo%2Fvideos%2F778747996285720%2F&amp;show_text=0&amp;width=560\" width=\"560\" height=\"315\" frameborder=\"0\" scrolling=\"no\" allowfullscreen=\"allowfullscreen\"><\/iframe><\/p>\n","protected":false},"excerpt":{"rendered":"<p style=\"text-align: justify;\">Por Yesica Giraldo.<\/p>\n<p style=\"text-align: justify;\">\u00a1Me prestaron la bit\u00e1cora de pap\u00e1! La lleve a la casa, mam\u00e1 la cogi\u00f3 y leyendo cada una\u00a0 de sus p\u00e1ginas se le sal\u00edan las l\u00e1grimas, le dije maaa no llore, pero por dentro quer\u00eda hacer los mismo que ella. Puso la bit\u00e1cora en el tocador, la cog\u00ed y me la lleve para la pieza, comienzo a leer cada una de las cartas y me sorprendo con mi evoluci\u00f3n de escribirle a pap\u00e1, al terminar de leerlas me acost\u00e9 y me acorde cuando pap\u00e1 dorm\u00eda conmigo\u00a0 y mam\u00e1.<\/p>\n","protected":false},"author":1,"featured_media":0,"comment_status":"open","ping_status":"open","sticky":false,"template":"","format":"standard","meta":{"footnotes":""},"categories":[20],"tags":[],"class_list":["post-290","post","type-post","status-publish","format-standard","hentry","category-columnistas"],"_links":{"self":[{"href":"https:\/\/www.desdegranada.com\/site\/index.php?rest_route=\/wp\/v2\/posts\/290","targetHints":{"allow":["GET"]}}],"collection":[{"href":"https:\/\/www.desdegranada.com\/site\/index.php?rest_route=\/wp\/v2\/posts"}],"about":[{"href":"https:\/\/www.desdegranada.com\/site\/index.php?rest_route=\/wp\/v2\/types\/post"}],"author":[{"embeddable":true,"href":"https:\/\/www.desdegranada.com\/site\/index.php?rest_route=\/wp\/v2\/users\/1"}],"replies":[{"embeddable":true,"href":"https:\/\/www.desdegranada.com\/site\/index.php?rest_route=%2Fwp%2Fv2%2Fcomments&post=290"}],"version-history":[{"count":0,"href":"https:\/\/www.desdegranada.com\/site\/index.php?rest_route=\/wp\/v2\/posts\/290\/revisions"}],"wp:attachment":[{"href":"https:\/\/www.desdegranada.com\/site\/index.php?rest_route=%2Fwp%2Fv2%2Fmedia&parent=290"}],"wp:term":[{"taxonomy":"category","embeddable":true,"href":"https:\/\/www.desdegranada.com\/site\/index.php?rest_route=%2Fwp%2Fv2%2Fcategories&post=290"},{"taxonomy":"post_tag","embeddable":true,"href":"https:\/\/www.desdegranada.com\/site\/index.php?rest_route=%2Fwp%2Fv2%2Ftags&post=290"}],"curies":[{"name":"wp","href":"https:\/\/api.w.org\/{rel}","templated":true}]}}