{"id":291,"date":"2020-08-29T22:37:03","date_gmt":"2020-08-29T22:37:03","guid":{"rendered":"https:\/\/www.desdegranada.com\/site\/?p=291"},"modified":"2020-08-29T22:37:03","modified_gmt":"2020-08-29T22:37:03","slug":"conozca-los-horarios-de-flota-granada-a-partir-del-primero-de-septiembre","status":"publish","type":"post","link":"https:\/\/www.desdegranada.com\/site\/?p=291","title":{"rendered":"Conozca los horarios de Flota Granada a partir del primero de septiembre"},"content":{"rendered":"<p style=\"text-align: justify;\">Con esto los granadinos que deseen visitar el municipio en transporte p\u00fablico o particular lo pueden hacer.<\/p>\n<p style=\"text-align: justify;\">Nueve buses ser\u00e1n despachados todos d\u00edas en la ruta Granada \u2013 Medell\u00edn \u2013 Granada, permitiendo que muchas personas se puedan movilizar, estos son los horarios.<\/p>\n<p style=\"text-align: justify;\">Hacia Medell\u00edn\u00a0 \u00a0 \u00a0 \u00a0 \u00a0De Medell\u00edn hacia Granada<br \/>5:00 am\u00a0 \u00a0 \u00a0 \u00a0 \u00a0 \u00a0 \u00a0 \u00a0 \u00a0 5:20 am <br \/>6:00 am\u00a0 \u00a0 \u00a0 \u00a0 \u00a0 \u00a0 \u00a0 \u00a0 \u00a0 6:00 am<br \/>7:00 am\u00a0 \u00a0 \u00a0 \u00a0 \u00a0 \u00a0 \u00a0 \u00a0 \u00a0 8:45 am <br \/>8: 00 am\u00a0 \u00a0 \u00a0 \u00a0 \u00a0 \u00a0 \u00a0 \u00a0 \u00a010: 00 am <br \/>10: 00 am\u00a0 \u00a0 \u00a0 \u00a0 \u00a0 \u00a0 \u00a0 \u00a011:50 am <br \/>1:00 pm\u00a0 \u00a0 \u00a0 \u00a0 \u00a0 \u00a0 \u00a0 \u00a0 \u00a0 2:45 pm <br \/>4: 00 pm\u00a0 \u00a0 \u00a0 \u00a0 \u00a0 \u00a0 \u00a0 \u00a0 \u00a03:45 pm <br \/>5: 00 pm\u00a0 \u00a0 \u00a0 \u00a0 \u00a0 \u00a0 \u00a0 \u00a0 \u00a05:00 pm<br \/>6:00 pm\u00a0 \u00a0 \u00a0 \u00a0 \u00a0 \u00a0 \u00a0 \u00a0 \u00a0 6:45 pm<\/p>\n<p style=\"text-align: justify;\">Para el municipio de Rionegro ser\u00e1n despachados 7 turnos entre buses y busetas. Los siguientes son los horarios:<\/p>\n<p style=\"text-align: justify;\">Hacia Rionegro\u00a0 \u00a0 \u00a0 \u00a0 \u00a0De Rionegro hacia Granada<br \/>5:45 am\u00a0 \u00a0 \u00a0 \u00a0 \u00a0 \u00a0 \u00a0 \u00a0 \u00a0 \u00a07: 00 am <br \/>6:30 am\u00a0 \u00a0 \u00a0 \u00a0 \u00a0 \u00a0 \u00a0 \u00a0 \u00a0 \u00a010:00 am<br \/>8:30 am\u00a0 \u00a0 \u00a0 \u00a0 \u00a0 \u00a0 \u00a0 \u00a0 \u00a0 \u00a011:00 am <br \/>9: 30 am\u00a0 \u00a0 \u00a0 \u00a0 \u00a0 \u00a0 \u00a0 \u00a0 \u00a0 12: 00 del d\u00eda <br \/>11: 30 am\u00a0 \u00a0 \u00a0 \u00a0 \u00a0 \u00a0 \u00a0 \u00a0 2: 15 pm <br \/>12:30 pm\u00a0 \u00a0 \u00a0 \u00a0 \u00a0 \u00a0 \u00a0 \u00a0 \u00a03: 15 pm <br \/>3: 30 pm\u00a0 \u00a0 \u00a0 \u00a0 \u00a0 \u00a0 \u00a0 \u00a0 \u00a0 5:00 pm<\/p>\n","protected":false},"excerpt":{"rendered":"<p style=\"text-align: justify;\">Desde el primero de septiembre se puede viajar sin ninguna excepci\u00f3n, pero cumpliendo los diferentes protocolos de bioseguridad, seg\u00fan lo reglamente la nueva fase de la contingencia a la que ingreso el pa\u00eds, denominada: aislamiento selectivo.<\/p>\n","protected":false},"author":1,"featured_media":0,"comment_status":"open","ping_status":"open","sticky":false,"template":"","format":"standard","meta":{"footnotes":""},"categories":[19],"tags":[],"class_list":["post-291","post","type-post","status-publish","format-standard","hentry","category-noticias"],"_links":{"self":[{"href":"https:\/\/www.desdegranada.com\/site\/index.php?rest_route=\/wp\/v2\/posts\/291","targetHints":{"allow":["GET"]}}],"collection":[{"href":"https:\/\/www.desdegranada.com\/site\/index.php?rest_route=\/wp\/v2\/posts"}],"about":[{"href":"https:\/\/www.desdegranada.com\/site\/index.php?rest_route=\/wp\/v2\/types\/post"}],"author":[{"embeddable":true,"href":"https:\/\/www.desdegranada.com\/site\/index.php?rest_route=\/wp\/v2\/users\/1"}],"replies":[{"embeddable":true,"href":"https:\/\/www.desdegranada.com\/site\/index.php?rest_route=%2Fwp%2Fv2%2Fcomments&post=291"}],"version-history":[{"count":0,"href":"https:\/\/www.desdegranada.com\/site\/index.php?rest_route=\/wp\/v2\/posts\/291\/revisions"}],"wp:attachment":[{"href":"https:\/\/www.desdegranada.com\/site\/index.php?rest_route=%2Fwp%2Fv2%2Fmedia&parent=291"}],"wp:term":[{"taxonomy":"category","embeddable":true,"href":"https:\/\/www.desdegranada.com\/site\/index.php?rest_route=%2Fwp%2Fv2%2Fcategories&post=291"},{"taxonomy":"post_tag","embeddable":true,"href":"https:\/\/www.desdegranada.com\/site\/index.php?rest_route=%2Fwp%2Fv2%2Ftags&post=291"}],"curies":[{"name":"wp","href":"https:\/\/api.w.org\/{rel}","templated":true}]}}