{"id":292,"date":"2020-08-29T22:43:45","date_gmt":"2020-08-29T22:43:45","guid":{"rendered":"https:\/\/www.desdegranada.com\/site\/?p=292"},"modified":"2020-08-29T22:43:45","modified_gmt":"2020-08-29T22:43:45","slug":"el-drama-de-la-desaparicion-forzada-en-granada","status":"publish","type":"post","link":"https:\/\/www.desdegranada.com\/site\/?p=292","title":{"rendered":"El drama de la desaparici\u00f3n forzada en Granada"},"content":{"rendered":"<p style=\"text-align: justify;\">Granada y el Oriente Antioque\u00f1o en general, hacen parte de las regiones del pa\u00eds m\u00e1s afectadas con los cr\u00edmenes de desaparici\u00f3n forzada, que perpetraron guerrilla, paramilitares y fuerzas del estado. Fue entre los a\u00f1os 2000 y 2006 con el recrudecimiento de la ola de violencia cuando m\u00e1s casos de desaparici\u00f3n se presentaron en la localidad.<\/p>\n<p style=\"text-align: justify;\">Eugenio Enrique Casta\u00f1o, hijo de Mar\u00eda Ofelia Parra, y Blanca Nubia L\u00f3pez, madre de Marisol L\u00f3pez, son solo dos de los cerca de 700 desaparecidos del municipio que se tienen registrados en la Unidad de V\u00edctimas, aunque al igual que en el nivel nacional, no se tiene informaci\u00f3n de todos ellos.<\/p>\n<p style=\"text-align: justify;\"><em>\u201cNosotros viv\u00edamos en la vereda Las Faldas, pero \u00e9l se hab\u00eda venido para ac\u00e1 para Granada y aqu\u00ed lo desaparecieron. \u00c9l se vino a volver por la tarde a la finca y no volvi\u00f3\u201d,<\/em> recuerda do\u00f1a Ofelia sobre aquella \u00faltima vez que vio a su hijo.<\/p>\n<p style=\"text-align: justify;\">Blanca Nubia fue desaparecida el 6 de mayo de 2001, <em>\u201ca ella la sacaron de la vereda San Francisco\u201d<\/em>, relata su hija Marisol. <em>\u201cYo me vine a enterar como a los dos o tres d\u00edas de que a ella la mataron y la desaparecieron. Me he sentido un poco adolorida por saber que no est\u00e1 donde uno pueda ir a saludarla, en el campo santo\u201d.<\/em><\/p>\n<p style=\"text-align: justify;\"><em><img loading=\"lazy\" decoding=\"async\" src=\"images\/Articulo_desaparecidos_1.jpg\" alt=\"\" width=\"750\" height=\"439\" \/><\/em><\/p>\n<p style=\"text-align: justify;\">Diariamente, la mayor\u00eda de las veces entre l\u00e1grimas, los familiares de cada persona desaparecida se hacen las mismas preguntas: \u00bfPor qu\u00e9 se los llevaron?, \u00bfqui\u00e9nes lo ordenaron?, \u00bfqu\u00e9 quer\u00edan?,\u00a0\u00bfqui\u00e9nes han impedido que se conozca el paradero de nuestros seres amados?, y entre pregunta y pregunta, guardan la esperanza de ser notificados en alg\u00fan momento sobre su ser querido.<\/p>\n<p style=\"text-align: justify;\"><em>\u201cEso fue muy duro para m\u00ed, un dolor en el coraz\u00f3n muy horrible y una pensadera que el hijito d\u00f3nde se encontrar\u00e1. Yo quisiera que hicieran lo posible por darme siquiera los resticos pa\u2019 llevarlos al campo santo, porque es muy duro sin saber d\u00f3nde est\u00e1 ni nada\u201d,<\/em> dice do\u00f1a Ofelia.<\/p>\n<p style=\"text-align: justify;\">\u201c<em>Quisiera que las instituciones ayudaran a encontrar los restos para poder tener un alivio. Si alg\u00fan d\u00eda la encontrara, sentir\u00eda menos peso en mi coraz\u00f3n\u201d<\/em>, expresa por su parte Marisol.<\/p>\n<p style=\"text-align: justify;\">Al ingresar al Sal\u00f3n del Nunca M\u00e1s, se pueden ver en al fondo, sobre un muro, algunas fotograf\u00edas de v\u00edctimas del conflicto armado, pero lo que pocos logran apreciar, es que est\u00e1n separadas en dos bloques.<\/p>\n<p style=\"text-align: justify;\">En el lado derecho est\u00e1n ubicadas las v\u00edctimas de homicidio, de quienes, pese al dolor, sus familias han podido elaborar su duelo, mientras que en el costado izquierdo se encuentran unas cuantas fotograf\u00edas de v\u00edctimas de desaparici\u00f3n forzada, y cuyos seres queridos conviven d\u00eda a d\u00eda con la incertidumbre de su paradero.<\/p>\n<p style=\"text-align: justify;\">En otra de las paredes del sal\u00f3n, se puede observar un recuadro lleno de tierra cubierto con un vidrio transparente, que representa una fosa. En \u00e9l, cualquier persona que visita el espacio puede ver reflejada su imagen y a partir de ah\u00ed reflexionar sobre el drama que viven los familiares de los cientos de desaparecidos que se cuentan en Granada.<\/p>\n<p style=\"text-align: justify;\">Alrededor de la fosa est\u00e1n ubicadas las fotograf\u00edas de 7 desaparecidos de los que se han encontrado sus cuerpos y cuyos registros est\u00e1n en el sal\u00f3n; hay adem\u00e1s otras im\u00e1genes que muestran algunas de las jornadas de exhumaci\u00f3n realizadas por la fiscal\u00eda.<\/p>\n<p style=\"text-align: justify;\"><img loading=\"lazy\" decoding=\"async\" src=\"images\/Articulo_desaparecidos_2.jpg\" alt=\"\" width=\"750\" height=\"439\" \/><\/p>\n<p style=\"text-align: justify;\">Hasta la fecha, en Granada se han exhumado y entregado a sus familias no m\u00e1s de 20 cuerpos de personas desaparecidas, lo que equivale a poco m\u00e1s del 3% de las v\u00edctimas que aparecen en los registros.<\/p>\n<p style=\"text-align: justify;\">La cifra de 700 v\u00edctimas de desaparici\u00f3n forzada en Granada, puede ser a\u00fan mayor, puesto que se ha evidenciado en diversos trabajos de investigaci\u00f3n y caracterizaci\u00f3n, que por temor hay todav\u00eda muchos familiares de desaparecidos que no se atreven a denunciar el caso de sus seres queridos. Asimismo, hay otras familias que han reportado su caso, pero no son reconocidos por la unidad de v\u00edctimas, por lo que no hay ninguna estad\u00edstica sobre ellos; es de anotar que aunque los desaparecidos no figuren en las estad\u00edsticas de la Unidad Nacional de V\u00edctimas, si son tenidos en cuenta por la Unidad de B\u00fasqueda de Desaparecidos.<\/p>\n<p style=\"text-align: justify;\">Por medio de la ley 589 de 2000, se cre\u00f3 en Colombia la Comisi\u00f3n Nacional de B\u00fasqueda de Personas Desaparecidas, que se encarga de dise\u00f1ar, evaluar y apoyar la ejecuci\u00f3n de los planes de b\u00fasqueda de personas desaparecidas y conformar grupos de trabajo para casos espec\u00edfico. Con la implementaci\u00f3n del acuerdo de paz se renueva y se acrecienta la esperanza de cientos de familias de encontrar y dar cristiana sepultura a sus parientes.<\/p>\n<p>\u00a0<\/p>\n<p>\u00a0<\/p>\n<p>\u00a0<\/p>\n<p>\u00a0<\/p>\n<p>\u00a0<\/p>\n<p>\u00a0<\/p>\n<p>\u00a0<\/p>\n<p>\u00a0<\/p>\n<p>\u00a0<\/p>\n<p>\u00a0<\/p>\n","protected":false},"excerpt":{"rendered":"<p style=\"text-align: justify;\">En Colombia se habla de m\u00e1s de 120 mil\u00a0personas desaparecidas, pero tan solo se tiene informaci\u00f3n de\u00a088 mil 490<strong>\u00a0<\/strong>personas.<\/p>\n","protected":false},"author":1,"featured_media":0,"comment_status":"open","ping_status":"open","sticky":false,"template":"","format":"standard","meta":{"footnotes":""},"categories":[19],"tags":[],"class_list":["post-292","post","type-post","status-publish","format-standard","hentry","category-noticias"],"_links":{"self":[{"href":"https:\/\/www.desdegranada.com\/site\/index.php?rest_route=\/wp\/v2\/posts\/292","targetHints":{"allow":["GET"]}}],"collection":[{"href":"https:\/\/www.desdegranada.com\/site\/index.php?rest_route=\/wp\/v2\/posts"}],"about":[{"href":"https:\/\/www.desdegranada.com\/site\/index.php?rest_route=\/wp\/v2\/types\/post"}],"author":[{"embeddable":true,"href":"https:\/\/www.desdegranada.com\/site\/index.php?rest_route=\/wp\/v2\/users\/1"}],"replies":[{"embeddable":true,"href":"https:\/\/www.desdegranada.com\/site\/index.php?rest_route=%2Fwp%2Fv2%2Fcomments&post=292"}],"version-history":[{"count":0,"href":"https:\/\/www.desdegranada.com\/site\/index.php?rest_route=\/wp\/v2\/posts\/292\/revisions"}],"wp:attachment":[{"href":"https:\/\/www.desdegranada.com\/site\/index.php?rest_route=%2Fwp%2Fv2%2Fmedia&parent=292"}],"wp:term":[{"taxonomy":"category","embeddable":true,"href":"https:\/\/www.desdegranada.com\/site\/index.php?rest_route=%2Fwp%2Fv2%2Fcategories&post=292"},{"taxonomy":"post_tag","embeddable":true,"href":"https:\/\/www.desdegranada.com\/site\/index.php?rest_route=%2Fwp%2Fv2%2Ftags&post=292"}],"curies":[{"name":"wp","href":"https:\/\/api.w.org\/{rel}","templated":true}]}}