{"id":294,"date":"2020-09-02T22:02:40","date_gmt":"2020-09-02T22:02:40","guid":{"rendered":"https:\/\/www.desdegranada.com\/site\/?p=294"},"modified":"2020-09-02T22:02:40","modified_gmt":"2020-09-02T22:02:40","slug":"en-granada-la-humedad-y-los-hongos-destruyen-la-memoria-de-las-victimas-del-conflicto","status":"publish","type":"post","link":"https:\/\/www.desdegranada.com\/site\/?p=294","title":{"rendered":"En Granada, la humedad y los hongos destruyen la memoria de las v\u00edctimas del conflicto"},"content":{"rendered":"<p style=\"text-align: justify;\">A la misma fecha de este 2020 y sin que se haya tomado ninguna medida desde las entidades correspondientes, las consecuencias que se evidencian son mucho mayores y desalentadoras: la humedad y los hongos est\u00e1n destruyendo la memoria de las v\u00edctimas del conflicto armado.<\/p>\n<p style=\"text-align: justify;\">Explica Gloria que el espacio y todo el material de memoria que all\u00ed reposa \u201clleg\u00f3 a un t\u00e9rmino donde ya no aguantamos m\u00e1s, donde las bit\u00e1coras se est\u00e1n deteriorando de manera exagerada, donde por la humedad se da\u00f1aron 7 bit\u00e1coras. Son escritos que las familias hicieron que no se van a volver a recuperar\u201d.<\/p>\n<p style=\"text-align: justify;\"><img loading=\"lazy\" decoding=\"async\" src=\"images\/Daos_saln_del_nunca_ms_1.jpg\" width=\"750\" height=\"439\" \/><\/p>\n<p style=\"text-align: justify;\">Pero no es solo la p\u00e9rdida casi definitiva de estas 7 bit\u00e1coras, pues la totalidad de estos libros, a trav\u00e9s de los cuales las familias entablan comunicaci\u00f3n con sus seres queridos, se han visto afectadas por la humedad y los hongos. Adem\u00e1s, las fotograf\u00edas de las v\u00edctimas que componen la exposici\u00f3n del Sal\u00f3n del Nunca M\u00e1s, tambi\u00e9n se est\u00e1n deteriorando.<\/p>\n<p style=\"text-align: justify;\">\u201cNo solo son las bit\u00e1coras, sino el deterioro del material fotogr\u00e1fico porque las fotos ya se les van viendo parches, se van da\u00f1ando, porque la humedad es exagerada, los hongos son exagerados. Se est\u00e1 perdiendo la historia que se ha plasmado en tantos a\u00f1os aqu\u00ed en el sal\u00f3n\u201d, comenta quien ejerce como gu\u00eda de este lugar de memoria.<\/p>\n<p style=\"text-align: justify;\"><img loading=\"lazy\" decoding=\"async\" src=\"images\/Daos_saln_del_nunca_ms_2.jpg\" alt=\"\" width=\"750\" height=\"439\" \/><\/p>\n<p style=\"text-align: justify;\">Tras ver los efectos generados por la indolencia y el abandono institucional, el llamado dos a\u00f1os despu\u00e9s es el mismo: \u201cespero que, de verdad, ahora si vengan y comiencen el trabajo aqu\u00ed. O sea, que las mismas instituciones vengan y comiencen a construir, a renovar, a arreglar. Yo digo, si administraci\u00f3n va a aportar, vengan y restauren ustedes, consigan mano de obra, necesitamos esto r\u00e1pido\u201d.<\/p>\n<p style=\"text-align: justify;\">Desde que abri\u00f3 sus puertas el 3 de julio de 2009, el Sal\u00f3n del Nunca M\u00e1s ha venido trabajando en la construcci\u00f3n de memoria a trav\u00e9s de las bit\u00e1coras, fotograf\u00edas y relatos sobre el conflicto armado, apost\u00e1ndole a la no repetici\u00f3n de los diferentes hechos de violencia y convirti\u00e9ndose en referente a nivel nacional e internacional.\u00a0<\/p>\n<p><iframe loading=\"lazy\" style=\"border: none; overflow: hidden;\" src=\"https:\/\/www.facebook.com\/plugins\/video.php?href=https%3A%2F%2Fwww.facebook.com%2Fgranada.stereo%2Fvideos%2F690944638165702%2F&amp;show_text=0&amp;width=476\" width=\"476\" height=\"476\" frameborder=\"0\" scrolling=\"no\" allowfullscreen=\"allowfullscreen\"><\/iframe><\/p>\n","protected":false},"excerpt":{"rendered":"<p style=\"text-align: justify;\">Hace dos a\u00f1os, exactamente el 5 de septiembre de 2018, Gloria Quintero, miembro de la Asociaci\u00f3n de V\u00edctimas de Granada ASOVIDA y del Sal\u00f3n del Nunca M\u00e1s, le contaba a los medios de comunicaci\u00f3n locales sobre el deterioro que estaba sufriendo la infraestructura f\u00edsica de este emblem\u00e1tico espacio.<\/p>\n","protected":false},"author":1,"featured_media":0,"comment_status":"open","ping_status":"open","sticky":false,"template":"","format":"standard","meta":{"footnotes":""},"categories":[19],"tags":[],"class_list":["post-294","post","type-post","status-publish","format-standard","hentry","category-noticias"],"_links":{"self":[{"href":"https:\/\/www.desdegranada.com\/site\/index.php?rest_route=\/wp\/v2\/posts\/294","targetHints":{"allow":["GET"]}}],"collection":[{"href":"https:\/\/www.desdegranada.com\/site\/index.php?rest_route=\/wp\/v2\/posts"}],"about":[{"href":"https:\/\/www.desdegranada.com\/site\/index.php?rest_route=\/wp\/v2\/types\/post"}],"author":[{"embeddable":true,"href":"https:\/\/www.desdegranada.com\/site\/index.php?rest_route=\/wp\/v2\/users\/1"}],"replies":[{"embeddable":true,"href":"https:\/\/www.desdegranada.com\/site\/index.php?rest_route=%2Fwp%2Fv2%2Fcomments&post=294"}],"version-history":[{"count":0,"href":"https:\/\/www.desdegranada.com\/site\/index.php?rest_route=\/wp\/v2\/posts\/294\/revisions"}],"wp:attachment":[{"href":"https:\/\/www.desdegranada.com\/site\/index.php?rest_route=%2Fwp%2Fv2%2Fmedia&parent=294"}],"wp:term":[{"taxonomy":"category","embeddable":true,"href":"https:\/\/www.desdegranada.com\/site\/index.php?rest_route=%2Fwp%2Fv2%2Fcategories&post=294"},{"taxonomy":"post_tag","embeddable":true,"href":"https:\/\/www.desdegranada.com\/site\/index.php?rest_route=%2Fwp%2Fv2%2Ftags&post=294"}],"curies":[{"name":"wp","href":"https:\/\/api.w.org\/{rel}","templated":true}]}}