{"id":295,"date":"2020-09-07T16:12:32","date_gmt":"2020-09-07T16:12:32","guid":{"rendered":"https:\/\/www.desdegranada.com\/site\/?p=295"},"modified":"2020-09-07T16:12:32","modified_gmt":"2020-09-07T16:12:32","slug":"bajo-el-nombre-las-palabras-no-caen-al-vacio-se-desarrollara-el-cuarto-encuentro-del-libro-en-granada","status":"publish","type":"post","link":"https:\/\/www.desdegranada.com\/site\/?p=295","title":{"rendered":"Bajo el nombre \u201cLas palabras no caen al vac\u00edo\u201d se desarrollar\u00e1 el cuarto encuentro del libro en Granada"},"content":{"rendered":"<p style=\"text-align: justify;\">Se trata del cuarto encuentro del libro \u201cLas palabras no caen al vac\u00edo\u201d, que llega con conversatorios de bibliotecarios, promotores de lectura y escritores, espacios de lectura en voz alta, teatro, m\u00fasica, talleres literarios, producciones audiovisuales y otros espacios dentro del men\u00fa del que podr\u00e1 disfrutar la comunidad en general.<\/p>\n<p style=\"text-align: justify;\">Durante estos dos d\u00edas, las letras y los libros se convertir\u00e1n en los mejores amigos de los amantes de la cultura literaria. Desde la casa de la cultura y diferentes locaciones de nuestro pa\u00eds compartiremos a trav\u00e9s de la p\u00e1gina de facebook @mibibliotecaGranada, un escenario que permitir\u00e1 a los participantes conocer diferentes autores, explorar nuevos textos y adentrarse en la magia y la fuerza de la palabra. \u00a1Los invitamos a participar!\u00a0<\/p>\n<p><iframe loading=\"lazy\" style=\"border: none; overflow: hidden;\" src=\"https:\/\/www.facebook.com\/plugins\/video.php?href=https%3A%2F%2Fwww.facebook.com%2Fgranada.stereo%2Fvideos%2F665947290995145%2F&amp;show_text=0&amp;width=560\" width=\"560\" height=\"308\" frameborder=\"0\" scrolling=\"no\" allowfullscreen=\"allowfullscreen\"><\/iframe><\/p>\n","protected":false},"excerpt":{"rendered":"<p style=\"text-align: justify;\">Este 18 y 19 de septiembre, regresa a la biblioteca p\u00fablica Jes\u00fas Mar\u00eda Yepes un espacio que se viene consolidando y que adem\u00e1s ha servido para fomentar el inter\u00e9s por la lectura en la comunidad granadina.<\/p>\n","protected":false},"author":1,"featured_media":0,"comment_status":"open","ping_status":"open","sticky":false,"template":"","format":"standard","meta":{"footnotes":""},"categories":[19],"tags":[],"class_list":["post-295","post","type-post","status-publish","format-standard","hentry","category-noticias"],"_links":{"self":[{"href":"https:\/\/www.desdegranada.com\/site\/index.php?rest_route=\/wp\/v2\/posts\/295","targetHints":{"allow":["GET"]}}],"collection":[{"href":"https:\/\/www.desdegranada.com\/site\/index.php?rest_route=\/wp\/v2\/posts"}],"about":[{"href":"https:\/\/www.desdegranada.com\/site\/index.php?rest_route=\/wp\/v2\/types\/post"}],"author":[{"embeddable":true,"href":"https:\/\/www.desdegranada.com\/site\/index.php?rest_route=\/wp\/v2\/users\/1"}],"replies":[{"embeddable":true,"href":"https:\/\/www.desdegranada.com\/site\/index.php?rest_route=%2Fwp%2Fv2%2Fcomments&post=295"}],"version-history":[{"count":0,"href":"https:\/\/www.desdegranada.com\/site\/index.php?rest_route=\/wp\/v2\/posts\/295\/revisions"}],"wp:attachment":[{"href":"https:\/\/www.desdegranada.com\/site\/index.php?rest_route=%2Fwp%2Fv2%2Fmedia&parent=295"}],"wp:term":[{"taxonomy":"category","embeddable":true,"href":"https:\/\/www.desdegranada.com\/site\/index.php?rest_route=%2Fwp%2Fv2%2Fcategories&post=295"},{"taxonomy":"post_tag","embeddable":true,"href":"https:\/\/www.desdegranada.com\/site\/index.php?rest_route=%2Fwp%2Fv2%2Ftags&post=295"}],"curies":[{"name":"wp","href":"https:\/\/api.w.org\/{rel}","templated":true}]}}