{"id":296,"date":"2020-09-09T15:47:03","date_gmt":"2020-09-09T15:47:03","guid":{"rendered":"https:\/\/www.desdegranada.com\/site\/?p=296"},"modified":"2020-09-09T15:47:03","modified_gmt":"2020-09-09T15:47:03","slug":"letras-que-tienen-voz","status":"publish","type":"post","link":"https:\/\/www.desdegranada.com\/site\/?p=296","title":{"rendered":"Letras que tienen voz"},"content":{"rendered":"<p style=\"text-align: justify;\"><span style=\"font-weight: 400;\">D\u00edas de testimonio a los peregrinos de grandes pr\u00f3digos del se\u00f1or de los milagros, en la vida de quienes creen en \u00e9l.<\/span><\/p>\n<p style=\"text-align: justify;\"><span style=\"font-weight: 400;\">Una generaci\u00f3n de ni\u00f1os, ni\u00f1as, adolescentes en la que el tiempo transcurr\u00eda con gran jubilo en el palpitar en nuestros corazones.<\/span><\/p>\n<p style=\"text-align: justify;\"><span style=\"font-weight: 400;\">Quienes viv\u00edamos all\u00ed, sab\u00edamos la solidaridad de los vecinos, aquellos campesinos que, de su agricultura, la leche de sus vacas, y los mismos convites, ofrendaban a quien m\u00e1s lo necesitaba.<\/span><\/p>\n<p style=\"text-align: justify;\"><span style=\"font-weight: 400;\">Anhel\u00e1bamos compartir, con nuestros arrieros, arquitectos de nuestra identidad granadina, recursiva e ingeniosa, de dichos, refranes, coplas y trovas, con lo que las tardes eran amenas y agradables.<\/span><\/p>\n<p style=\"text-align: justify;\"><span style=\"font-weight: 400;\">Escuchar las bocinas de la escalera, multicolor, de Santa Ana para viajar al pueblo, que, aunque estuviera a reventar de gente, nunca nos dej\u00f3, siempre nos llev\u00f3 a nuestro destino.<\/span><\/p>\n<p style=\"text-align: justify;\"><span style=\"font-weight: 400;\">Ansi\u00e1bamos la escuela, para que la maestra nos ense\u00f1ara a leer, escribir, y con sus diferentes actividades pedag\u00f3gicas potenciara nuestras habilidades adem\u00e1s de esculpir el artista nuestro interior. La espera para compartir en los charcos para sumergir las risas, la ramada de panela, para endulzar los espejismos, la fonda escenario de esparcimiento y disipaci\u00f3n en las cuerdas de una guitarra, al interpretar las letras m\u00e1s profundas del alma.<\/span><\/p>\n<p style=\"text-align: justify;\"><span style=\"font-weight: 400;\">La carencia material pasaba a un segundo plano, porque la mayor riqueza era el entorno natural, la libertad innata, la tranquilidad y simpleza con la que conceb\u00edamos los sue\u00f1os para un futuro. En la vereda La Honda Arriba.<\/span><\/p>\n<p style=\"text-align: justify;\"><span style=\"font-weight: 400;\"><img loading=\"lazy\" decoding=\"async\" src=\"images\/La_Honda_1.jpg\" width=\"750\" height=\"439\" \/><\/span><\/p>\n<p style=\"text-align: justify;\"><span style=\"font-weight: 400;\">Pero\u2026.<\/span><\/p>\n<p style=\"text-align: justify;\"><span style=\"font-weight: 400;\">Con sutileza y mucho tacto los pasos en botas irrumpieron el silencio de las noches, y los sue\u00f1os empezaron a ser pesadillas.<\/span><\/p>\n<p style=\"text-align: justify;\"><span style=\"font-weight: 400;\">Un monstruo llamado violencia no cesaba de caminar por las monta\u00f1as, montes y carreteras, creando angustia e insomnio.<\/span><\/p>\n<p style=\"text-align: justify;\"><span style=\"font-weight: 400;\">La neblina que viajaba por entre las cordilleras no tra\u00eda brisa a cambio eran l\u00e1grimas. Poco a poco arrebato la calma y alegr\u00eda de los granadinos. La incertidumbre era el pan de cada d\u00eda.<\/span><\/p>\n<p style=\"text-align: justify;\"><span style=\"font-weight: 400;\">Algunos de nuestros seres queridos les fue cegada la vida, desaparecieron sus ideales, secuestraron la tranquilidad de todo un pueblo y su huella los hu\u00e9rfanos, desaparecidos, asesinados, violencias sexuales.<\/span><\/p>\n<p style=\"text-align: justify;\"><span style=\"font-weight: 400;\">Una poblaci\u00f3n de arrieros, con mil sue\u00f1os por cumplir, solo fueron eso sue\u00f1os que convertidos en vestigios los granadinos y familiares de aquellos que partieron tratamos de cicatrizar poco a poco, pero sin lograr borrar de la memoria aquellos tiempos de insensatos acontecimientos de duelo, olvido y recuerdo.<\/span><\/p>\n<p style=\"text-align: justify;\"><span style=\"font-weight: 400;\">Bastaron un par de zapatos puestos para emprender la huida, una caja de cart\u00f3n amarrada con cabuya para que se salieras las dos mudas de ropa.<\/span><\/p>\n<p style=\"text-align: justify;\"><span style=\"font-weight: 400;\">Zapatos que soportaron el empedrado camino, con pasos \u00e1giles y temblorosos cada minuto avanz\u00e1bamos y nos distanci\u00e1bamos del terru\u00f1o en el cual quedaba u<\/span><span style=\"font-weight: 400;\">na historia de vida.<\/span><\/p>\n<p style=\"text-align: justify;\"><span style=\"font-weight: 400;\">La voz baja y temblorosa de un padre que dec\u00eda: no miren atr\u00e1s. Van a estar bien.<\/span><\/p>\n<p style=\"text-align: justify;\"><span style=\"font-weight: 400;\">Y una madre con sus ojos inundados de l\u00e1grimas, en medio del asombro de la incertidumbre que la invad\u00eda, guard\u00f3 silencio.\u00a0<\/span><\/p>\n<p style=\"text-align: justify;\"><span style=\"font-weight: 400;\">Luego abordamos un cami\u00f3n que en pocas horas nos llev\u00f3 a una ciudad desconocida, e indiferente, urbe de cemento, aire contaminado y un ambiente de bullicio que aturd\u00eda mis o\u00eddos, no tra\u00eda mis manos vac\u00edas porque en mi equipaje mental hab\u00edan esperanzas, grandes metas por alcanzar, aprendizajes adquiridos que nunca se borrar\u00edan y me ayudar\u00edan a superar la adversidad \u2026porque en mi sangre estaba la herencia colonial de mis ancestros campesinos, que orgullosa siempre lleve en m\u00ed, como una coraza que nadie pod\u00eda arrebatar.<\/span><\/p>\n<p style=\"text-align: justify;\"><span style=\"font-weight: 400;\">Nuestros padres lograron estabilizarse con una vivienda, alimento. Pero desconoc\u00eda el sufrimiento que arrugaba mi coraz\u00f3n y aquella poeta, un d\u00eda decidi\u00f3 guardar sus letras en un caj\u00f3n de lo m\u00e1s profundo de su ser, el temor se apoder\u00f3, la desconfianza y la depresi\u00f3n. Pero que doloroso fue llegar al lado de gente que ignoraba nuestros sentimientos de desilusi\u00f3n, desarraigo y soledad. momentos de tristeza no comprend\u00edan la magnitud de mi dolor. Cada d\u00eda perduraban en secreto los recuerdos, tan valiosos y mis mayores tesoros que celosamente guarde, ya que, a nadie, nadie entend\u00eda la magnitud del desastre emocional que me marco. No cesaron mis l\u00e1grimas frente a la impotencia de la injusticia que se viv\u00eda en mi pueblo de Granada, Antioquia. Sin noticias de mis seres queridos, pero intu\u00eda que sufr\u00edan y tambi\u00e9n la violencia hab\u00eda tocado sus puertas.<\/span><\/p>\n<p style=\"text-align: justify;\"><span style=\"font-weight: 400;\"><img loading=\"lazy\" decoding=\"async\" src=\"images\/La_Honda_2.jpg\" alt=\"\" width=\"750\" height=\"439\" \/><\/span><\/p>\n<p style=\"text-align: justify;\"><span style=\"font-weight: 400;\">A pesar de un horizonte lejano en el que yo habitaba con anegaci\u00f3n, mi intuici\u00f3n delataba un dolor profundo, sin testigos, sin sosiego que lograra apaciguar el llanto derramado por la absurda violencia que me desalojo del lado de los seres que realmente me quer\u00edan, secuestraron a\u00f1os de compa\u00f1\u00eda, apoy\u00f3 y cari\u00f1o,<\/span><\/p>\n<p style=\"text-align: justify;\"><span style=\"font-weight: 400;\">Ajenos a un conflicto que arraso accionando. p\u00e9rdidas humanas y materiales dejando todo a merced de los extra\u00f1os que rodeaban el pueblo.<\/span><\/p>\n<p style=\"text-align: justify;\"><span style=\"font-weight: 400;\">Violencia que no escogi\u00f3, solo actu\u00f3, madres en espera de sus hijos present\u00edan, les arrebataron sus vidas, derramaron su sangre, una de ellas es Anita, no sinti\u00f3 sus pasos, para dirigirse a ver a su hijo, pero su cuerpo fr\u00edo, con su coraz\u00f3n inm\u00f3vil, le arrebataron de sus entra\u00f1as lo mas amado su \u00fanico hijo, compa\u00f1\u00eda y apoyo,<\/span><\/p>\n<p style=\"text-align: justify;\"><span style=\"font-weight: 400;\">Hoy Anita Arenas est\u00e1 en espera un abrazo, un beso o un sincero te quiero para seguir soportando la ausencia sus palpitaciones del coraz\u00f3n ya no tan aceleradas, su mirada fija a quien llega a matizar su soledad mientras es la hora de su partida.<\/span><\/p>\n<p style=\"text-align: justify;\"><span style=\"font-weight: 400;\">Plasmo en estas l\u00edneas para disipar un poco el dolor profundo del alma, que comparti\u00e9ndolo quiz\u00e1s duela menos,la voz de quienes guardan silencio.<\/span><\/p>\n<p style=\"text-align: justify;\"><span style=\"font-weight: 400;\">la memoria para que la historia no se repita.<\/span><\/p>\n<p style=\"text-align: justify;\"><span style=\"font-weight: 400;\">Nunca m\u00e1s\u2026<\/span><\/p>\n<p style=\"text-align: justify;\"><span style=\"font-weight: 400;\">Un pueblo con partidas violentas a la eternidad\u2026.<\/span><\/p>\n<p style=\"text-align: justify;\"><span style=\"font-weight: 400;\">Nunca m\u00e1s\u2026<\/span><\/p>\n<p style=\"text-align: justify;\"><span style=\"font-weight: 400;\">Un adi\u00f3s por\u00a0 desplazamientos o desapariciones.<\/span><\/p>\n<p style=\"text-align: justify;\"><span style=\"font-weight: 400;\">Nunca m\u00e1s\u2026<\/span><\/p>\n<p style=\"text-align: justify;\"><span style=\"font-weight: 400;\">Heridas, f\u00edsicas ,emocionales, psicol\u00f3gicas.<\/span><\/p>\n<p style=\"text-align: justify;\"><span style=\"font-weight: 400;\">Nunca m\u00e1s\u2026<\/span><\/p>\n<p style=\"text-align: justify;\"><span style=\"font-weight: 400;\">L\u00e1grimas que ahogan el dolor de un pueblo por ideolog\u00edas,confusas y desconocidas.<\/span><\/p>\n<p style=\"text-align: justify;\"><span style=\"font-weight: 400;\">Nunca m\u00e1s\u2026\u2026.como homenaje a las v\u00edctimas de la violencia de Granada Antioquia.<\/span><\/p>\n<p style=\"text-align: justify;\"><span style=\"font-weight: 400;\">Terru\u00f1o de resiliencia ,solidaridad y paz.<\/span><\/p>\n<p>\u00a0<\/p>\n","protected":false},"excerpt":{"rendered":"<p style=\"text-align: justify;\">Por:\u00a0Adriana Mar\u00eda Arenas Ocampo (Julio\/2015)<\/p>\n<p style=\"text-align: justify;\"><b>Granada Antioquia.<\/b><\/p>\n<p style=\"text-align: justify;\"><b>Mi vereda la Honda Arriba:<\/b><\/p>\n<p style=\"text-align: justify;\"><span style=\"font-weight: 400;\">Hermosa y esplendorosa con sus paisajes deslumbrantes, c\u00e1lidas aguas que nacen en las ra\u00edces de frondosos \u00e1rboles en lo m\u00e1s alto de sus verdes monta\u00f1as, donde las aves refrescan su canto, para entonar cada d\u00eda la melod\u00eda que nos inspiraba a trazar en renglones de un viejo papel la canci\u00f3n que se convert\u00eda en poes\u00eda, para detallar la inmensidad del aire que cobija el para\u00edso, con sus flores de mil colores testigo fiel de los caminos que recorr\u00ed en una infancia inocente y alegre, en complicidad de mariposas que con su jugueteo, danzaban en la fantas\u00eda de mi diario vivir.\u00a0<\/span><\/p>\n","protected":false},"author":1,"featured_media":0,"comment_status":"open","ping_status":"open","sticky":false,"template":"","format":"standard","meta":{"footnotes":""},"categories":[20],"tags":[],"class_list":["post-296","post","type-post","status-publish","format-standard","hentry","category-columnistas"],"_links":{"self":[{"href":"https:\/\/www.desdegranada.com\/site\/index.php?rest_route=\/wp\/v2\/posts\/296","targetHints":{"allow":["GET"]}}],"collection":[{"href":"https:\/\/www.desdegranada.com\/site\/index.php?rest_route=\/wp\/v2\/posts"}],"about":[{"href":"https:\/\/www.desdegranada.com\/site\/index.php?rest_route=\/wp\/v2\/types\/post"}],"author":[{"embeddable":true,"href":"https:\/\/www.desdegranada.com\/site\/index.php?rest_route=\/wp\/v2\/users\/1"}],"replies":[{"embeddable":true,"href":"https:\/\/www.desdegranada.com\/site\/index.php?rest_route=%2Fwp%2Fv2%2Fcomments&post=296"}],"version-history":[{"count":0,"href":"https:\/\/www.desdegranada.com\/site\/index.php?rest_route=\/wp\/v2\/posts\/296\/revisions"}],"wp:attachment":[{"href":"https:\/\/www.desdegranada.com\/site\/index.php?rest_route=%2Fwp%2Fv2%2Fmedia&parent=296"}],"wp:term":[{"taxonomy":"category","embeddable":true,"href":"https:\/\/www.desdegranada.com\/site\/index.php?rest_route=%2Fwp%2Fv2%2Fcategories&post=296"},{"taxonomy":"post_tag","embeddable":true,"href":"https:\/\/www.desdegranada.com\/site\/index.php?rest_route=%2Fwp%2Fv2%2Ftags&post=296"}],"curies":[{"name":"wp","href":"https:\/\/api.w.org\/{rel}","templated":true}]}}