{"id":297,"date":"2020-09-09T17:04:40","date_gmt":"2020-09-09T17:04:40","guid":{"rendered":"https:\/\/www.desdegranada.com\/site\/?p=297"},"modified":"2020-09-09T17:04:40","modified_gmt":"2020-09-09T17:04:40","slug":"boletin-de-prensa-gobernacion-de-antioquia","status":"publish","type":"post","link":"https:\/\/www.desdegranada.com\/site\/?p=297","title":{"rendered":"Bolet\u00edn de Prensa Gobernaci\u00f3n de Antioquia"},"content":{"rendered":"<p style=\"text-align: justify;\">\u00a0<\/p>\n<p style=\"text-align: justify;\">\u00a0<\/p>\n<p style=\"text-align: justify;\">&#8211; Luis Fernando Su\u00e1rez V\u00e9lez conocer\u00e1 de primera mano la situaci\u00f3n del Sal\u00f3n del Nunca M\u00e1s para definir el apoyo a su recuperaci\u00f3n.<\/p>\n<p style=\"text-align: justify;\">\u00a0<\/p>\n<p style=\"text-align: justify;\">&#8211; Adem\u00e1s, se ratificar\u00e1 el compromiso con la pavimentaci\u00f3n de la v\u00eda Granada-San Carlos.<\/p>\n<p style=\"text-align: justify;\">\u00a0<\/p>\n<p style=\"text-align: justify;\">\u00a0<\/p>\n<p style=\"text-align: justify;\">El gobernador encargado de Antioquia, Luis Fernando Su\u00e1rez V\u00e9lez, visitar\u00e1 este jueves en horas de la ma\u00f1ana el municipio de Granada, Oriente de Antioquia, en donde desarrollar\u00e1 una agenda relacionada con asuntos de infraestructura f\u00edsica y memoria hist\u00f3rica.<\/p>\n<p style=\"text-align: justify;\">\u00a0<\/p>\n<p style=\"text-align: justify;\">En un primer momento, el mandatario encargado visitar\u00e1 la Casa de la Cultura Ram\u00f3n Eduardo Duque para conocer de primera mano la situaci\u00f3n actual del Sal\u00f3n del Nunca M\u00e1s, que tras diez a\u00f1os abierto a propios y extra\u00f1os como s\u00edmbolo de la resistencia de esa poblaci\u00f3n a la violencia armada que la azot\u00f3 entre 1980 y 2006, empieza a presentar algunos problemas. La intenci\u00f3n de la Gobernaci\u00f3n de Antioquia es evaluar la manera como pueda vincularse para recuperar este espacio de memoria hist\u00f3rica y desatar procesos sociales de resiliencia.<\/p>\n<p style=\"text-align: justify;\">\u00a0<\/p>\n<p style=\"text-align: justify;\">En un segundo momento, el gobernador Su\u00e1rez V\u00e9lez, en compa\u00f1\u00eda del secretario de Infraestructura F\u00edsica, Juan Pablo L\u00f3pez Cort\u00e9s, verificar\u00e1n el compromiso para la pavimentaci\u00f3n de la v\u00eda Granada-San Carlos, cuyo tramo faltante est\u00e1 ya pr\u00f3ximo a estudios y dise\u00f1o tras la firma del contrato de consultor\u00eda entre la Secretar\u00eda de Infraestructura F\u00edsica y el Consorcio Tayfer.<\/p>\n<p style=\"text-align: justify;\">\u00a0<\/p>\n<p style=\"text-align: justify;\">La visita a Granada por parte del gobernador encargado, hace parte del prop\u00f3sito del Gobierno de Antioquia de dialogar de manera permanente con las comunidades, con los alcaldes y con los l\u00edderes de los diferentes municipios, para conocer de primera mano las necesidades de la poblaci\u00f3n y verificar el avance de obras y compromisos adquiridos.<\/p>\n<p style=\"text-align: justify;\">\u00a0<\/p>\n<p style=\"text-align: justify;\">M\u00e1s informaci\u00f3n para periodistas:<\/p>\n<p style=\"text-align: justify;\">Javier Restrepo Gonz\u00e1lez, direcci\u00f3n de Informaci\u00f3n y Prensa, celular 311 6451688<\/p>\n","protected":false},"excerpt":{"rendered":"<p style=\"text-align: justify;\">Medell\u00edn, 9 de septiembre de 2020.<\/p>\n<p style=\"text-align: justify;\">\u00a0<\/p>\n<p style=\"text-align: justify;\">\u00a0<\/p>\n<p style=\"text-align: justify;\">Gobernador encargado de Antioquia visitar\u00e1 Granada este jueves.<\/p>\n","protected":false},"author":1,"featured_media":0,"comment_status":"open","ping_status":"open","sticky":false,"template":"","format":"standard","meta":{"footnotes":""},"categories":[19],"tags":[],"class_list":["post-297","post","type-post","status-publish","format-standard","hentry","category-noticias"],"_links":{"self":[{"href":"https:\/\/www.desdegranada.com\/site\/index.php?rest_route=\/wp\/v2\/posts\/297","targetHints":{"allow":["GET"]}}],"collection":[{"href":"https:\/\/www.desdegranada.com\/site\/index.php?rest_route=\/wp\/v2\/posts"}],"about":[{"href":"https:\/\/www.desdegranada.com\/site\/index.php?rest_route=\/wp\/v2\/types\/post"}],"author":[{"embeddable":true,"href":"https:\/\/www.desdegranada.com\/site\/index.php?rest_route=\/wp\/v2\/users\/1"}],"replies":[{"embeddable":true,"href":"https:\/\/www.desdegranada.com\/site\/index.php?rest_route=%2Fwp%2Fv2%2Fcomments&post=297"}],"version-history":[{"count":0,"href":"https:\/\/www.desdegranada.com\/site\/index.php?rest_route=\/wp\/v2\/posts\/297\/revisions"}],"wp:attachment":[{"href":"https:\/\/www.desdegranada.com\/site\/index.php?rest_route=%2Fwp%2Fv2%2Fmedia&parent=297"}],"wp:term":[{"taxonomy":"category","embeddable":true,"href":"https:\/\/www.desdegranada.com\/site\/index.php?rest_route=%2Fwp%2Fv2%2Fcategories&post=297"},{"taxonomy":"post_tag","embeddable":true,"href":"https:\/\/www.desdegranada.com\/site\/index.php?rest_route=%2Fwp%2Fv2%2Ftags&post=297"}],"curies":[{"name":"wp","href":"https:\/\/api.w.org\/{rel}","templated":true}]}}