{"id":298,"date":"2020-09-10T20:40:15","date_gmt":"2020-09-10T20:40:15","guid":{"rendered":"https:\/\/www.desdegranada.com\/site\/?p=298"},"modified":"2020-09-10T20:40:15","modified_gmt":"2020-09-10T20:40:15","slug":"salon-del-nunca-mas-recibira-mantenimiento-y-tendra-apoyo-para-la-conservacion-del-archivo-de-memoria","status":"publish","type":"post","link":"https:\/\/www.desdegranada.com\/site\/?p=298","title":{"rendered":"Sal\u00f3n del Nunca M\u00e1s recibir\u00e1 mantenimiento y tendr\u00e1 apoyo para la conservaci\u00f3n del archivo de memoria"},"content":{"rendered":"<p style=\"text-align: justify;\">De la mano de estas tres mujeres, el gobernador conoci\u00f3 la historia de dolor que vivi\u00f3 Granada durante la \u00e9poca m\u00e1s aguda del conflicto y el trabajo que con las v\u00edctimas del municipio han venido realizando para conservar la memoria. Del mismo modo, fue testigo del deterioro que padece actualmente la edificaci\u00f3n donde se aloja este importante proceso de reconciliaci\u00f3n, que es ejemplo para todo el pa\u00eds.<\/p>\n<p style=\"text-align: justify;\">Manifest\u00f3 en su intervenci\u00f3n do\u00f1a Amanda Su\u00e1rez su preocupaci\u00f3n por las afectaciones que sufre el espacio que alberga parte de la memoria de la localidad: \u201ctodos vemos c\u00f3mo se encuentra nuestra casa de la cultura, nuestro sal\u00f3n. Entonces esperamos mucho, mucho empe\u00f1o en ayudarnos en esto que necesitamos urgentemente, para que esto que hemos hecho ac\u00e1 en Granada, esta labor de memoria no se nos vaya al piso\u201d.<\/p>\n<p style=\"text-align: justify;\"><img decoding=\"async\" src=\"images\/Gobernador_saln_del_nunca_ms_3.jpg\" alt=\"\" \/><\/p>\n<p style=\"text-align: justify;\">\u201cEste sitio que representa la memoria de la tragedia que ha vivido Granada hay que recuperarlo, hay que mantenerlo, hay que fortalecerlo. El gobierno de Antioquia le apuesta a recuperar el sal\u00f3n con toda la institucionalidad unida y por eso estamos hoy aqu\u00ed\u201d, dijo el mandatario departamental.<\/p>\n<p style=\"text-align: justify;\"><img loading=\"lazy\" decoding=\"async\" src=\"images\/Gobernador_saln_del_nunca_ms_2.jpg\" alt=\"\" width=\"750\" height=\"439\" \/><\/p>\n<p style=\"text-align: justify;\">Como paso inicial para la conservaci\u00f3n de la memoria hist\u00f3rica de la violencia, se firm\u00f3 en medio de la visita un acta de compromiso por parte de la representaci\u00f3n de las v\u00edctimas, el gobernador encargado y la alcald\u00eda municipal. En ella se establecen puntos como la intervenci\u00f3n de la infraestructura f\u00edsica, la apropiaci\u00f3n social del Sal\u00f3n del Nunca M\u00e1s y la intervenci\u00f3n de los archivos de memoria.<\/p>\n<p style=\"text-align: justify;\">Gloria Quintero luego de realizar la gu\u00eda en la que le cont\u00f3 al Gobernador Luis Fernando Su\u00e1rez y su delegaci\u00f3n la historia del conflicto en la localidad, resalt\u00f3 la disposici\u00f3n del mandatario para escuchar y realizar completo el recorrido por cada una de las secciones del sal\u00f3n y expres\u00f3 su satisfacci\u00f3n con la visita y los anuncios: \u201cvan a llegar muchas cosas para el municipio entre ellas el apoyo al Sal\u00f3n del Nunca M\u00e1s tanto en lo f\u00edsico como en el proceso de conservaci\u00f3n y cuidado de lo que hay dentro, no solo la infraestructura, y el compromiso queda no solo de arreglar muros sino tambi\u00e9n de ayudar a la sostenibilidad del proceso, de ASOVIDA como organizaci\u00f3n y del Sal\u00f3n del Nunca M\u00e1s\u201d.\u00a0<\/p>\n<p><iframe loading=\"lazy\" style=\"border: none; overflow: hidden;\" src=\"https:\/\/www.facebook.com\/plugins\/video.php?href=https%3A%2F%2Fwww.facebook.com%2Fgranada.stereo%2Fvideos%2F320509502730684%2F&amp;show_text=0&amp;width=560\" width=\"560\" height=\"315\" frameborder=\"0\" scrolling=\"no\" allowfullscreen=\"allowfullscreen\"><\/iframe><\/p>\n","protected":false},"excerpt":{"rendered":"<p style=\"text-align: justify;\">Posterior a su aterrizaje en El Carmelo, el Gobernador (e) de Antioquia Luis Fernando Su\u00e1rez V\u00e9lez se desplaz\u00f3 en su veh\u00edculo, acompa\u00f1ado por su equipo de trabajo, hasta el Sal\u00f3n del Nunca M\u00e1s, donde fue recibido por Gloria Quintero, Mar\u00eda Amparo Su\u00e1rez y Amanda Su\u00e1rez, miembros de la organizaci\u00f3n ASOVIDA y l\u00edderes del proceso de memoria que se desarrolla en el sal\u00f3n.<\/p>\n","protected":false},"author":1,"featured_media":0,"comment_status":"open","ping_status":"open","sticky":false,"template":"","format":"standard","meta":{"footnotes":""},"categories":[19],"tags":[],"class_list":["post-298","post","type-post","status-publish","format-standard","hentry","category-noticias"],"_links":{"self":[{"href":"https:\/\/www.desdegranada.com\/site\/index.php?rest_route=\/wp\/v2\/posts\/298","targetHints":{"allow":["GET"]}}],"collection":[{"href":"https:\/\/www.desdegranada.com\/site\/index.php?rest_route=\/wp\/v2\/posts"}],"about":[{"href":"https:\/\/www.desdegranada.com\/site\/index.php?rest_route=\/wp\/v2\/types\/post"}],"author":[{"embeddable":true,"href":"https:\/\/www.desdegranada.com\/site\/index.php?rest_route=\/wp\/v2\/users\/1"}],"replies":[{"embeddable":true,"href":"https:\/\/www.desdegranada.com\/site\/index.php?rest_route=%2Fwp%2Fv2%2Fcomments&post=298"}],"version-history":[{"count":0,"href":"https:\/\/www.desdegranada.com\/site\/index.php?rest_route=\/wp\/v2\/posts\/298\/revisions"}],"wp:attachment":[{"href":"https:\/\/www.desdegranada.com\/site\/index.php?rest_route=%2Fwp%2Fv2%2Fmedia&parent=298"}],"wp:term":[{"taxonomy":"category","embeddable":true,"href":"https:\/\/www.desdegranada.com\/site\/index.php?rest_route=%2Fwp%2Fv2%2Fcategories&post=298"},{"taxonomy":"post_tag","embeddable":true,"href":"https:\/\/www.desdegranada.com\/site\/index.php?rest_route=%2Fwp%2Fv2%2Ftags&post=298"}],"curies":[{"name":"wp","href":"https:\/\/api.w.org\/{rel}","templated":true}]}}