{"id":299,"date":"2020-09-10T21:49:39","date_gmt":"2020-09-10T21:49:39","guid":{"rendered":"https:\/\/www.desdegranada.com\/site\/?p=299"},"modified":"2020-09-10T21:49:39","modified_gmt":"2020-09-10T21:49:39","slug":"la-pavimentacion-total-de-la-via-granada-san-carlos-se-siente-cada-vez-mas-cerca","status":"publish","type":"post","link":"https:\/\/www.desdegranada.com\/site\/?p=299","title":{"rendered":"La pavimentaci\u00f3n total de la v\u00eda Granada &#8211; San Carlos se siente cada vez m\u00e1s cerca"},"content":{"rendered":"<p style=\"text-align: justify;\">Este proyecto genera entre la poblaci\u00f3n una mezcla de sentimientos: por un lado, esperanza de por fin ver logrado este prop\u00f3sito y por otro, escepticismo alimentado por tantas promesas incumplidas.<\/p>\n<p style=\"text-align: justify;\">La v\u00eda Granada \u2013 San Carlos tiene 42 kil\u00f3metros, de los cuales se espera que en diciembre queden listos 32, por lo que restar\u00edan 10 para finalizar de asfaltarla. La primera fase de pavimentaci\u00f3n de la v\u00eda se logr\u00f3 iniciar el 03 de octubre del a\u00f1o 2011, bajo la administraci\u00f3n de la \u00e9poca, liderada por Nelson Garc\u00eda Amaya y en la Gobernaci\u00f3n, Luis Alfredo Ramos Botero.<\/p>\n<p style=\"text-align: justify;\">Han transcurrido 9 a\u00f1os, pasado tres administraci\u00f3n municipales y departamentales y a\u00fan la v\u00eda no se logra terminar de pavimentar. El avance ha sido lento, las comunidades siguen reclamando y esperando. Ojal\u00e1 muy pronto se logre.<\/p>\n<p style=\"text-align: justify;\"><img loading=\"lazy\" decoding=\"async\" src=\"images\/Pavimentacin_Granada_-_San_Carlos.jpg\" alt=\"Foto: Gobernaci\u00f3n de Antioquia\" width=\"750\" height=\"439\" \/><\/p>\n<p style=\"text-align: justify;\"><em><strong>Gobernaci\u00f3n se comprometi\u00f3 con continuar las obras<\/strong><\/em><\/p>\n<p style=\"text-align: justify;\">Al finalizar el contrato que est\u00e1 en ejecuci\u00f3n, quedar\u00e1n pendientes de pavimentaci\u00f3n 10 kil\u00f3metros. En su visita a Granada, el Gobernador (e) y el Secretario de Infraestructura F\u00edsica del Departamento se comprometieron con los recursos para contratar los estudios y dise\u00f1os \u201cme complace informar a toda la comunidad que la Gobernaci\u00f3n ya contrat\u00f3 para los estudios y dise\u00f1os de los 10 kil\u00f3metros, estos estudios y dese\u00f1os se realizar\u00e1n en el resto del a\u00f1o\u201d, afirm\u00f3 Juan Pablo L\u00f3pez, Secretario de Infraestructura.<\/p>\n<p style=\"text-align: justify;\">En conversaci\u00f3n con los medios locales al Secretario de Infraestructura se le consult\u00f3 sobre los tiempos planteados desde la Gobernaci\u00f3n de Antioquia para el avance de las obras de la pavimentaci\u00f3n de la v\u00eda: \u201cLa terminaci\u00f3n de la pavimentaci\u00f3n de los 8.7 kil\u00f3metros, proyectamos dejarlos listos antes de terminar el a\u00f1o. Los estudios y dise\u00f1os de lo restante los tendremos listos para el primer trimestre del a\u00f1o entrante, y ah\u00ed empezaremos todo lo que tiene que ver con la consecuci\u00f3n de los recursos y la etapa contractual de construcci\u00f3n. Nos podemos demorar en eso seis meses, estamos esperando iniciar ejecuci\u00f3n de obras hacia finales del a\u00f1o 2021\u201d.<\/p>\n<p style=\"text-align: justify;\">Una nueva ilusi\u00f3n alimenta a las comunidades de Granada y San Carlos. Esperemos que esta vez, por fin, se cumpla el sue\u00f1o de terminar de pavimentar este corredor vial y as\u00ed enfrentar los nuevos desaf\u00edos que llegar\u00e1n a estas dos localidades.<\/p>\n","protected":false},"excerpt":{"rendered":"<p style=\"text-align: justify;\">Uno de los temas m\u00e1s esperados con la visita el Gobernador (e) al municipio de Granada fue la v\u00eda Granada \u2013 San Carlos, un anhelo de dos pueblos, que han buscado este sue\u00f1o desde hace m\u00e1s de 40 a\u00f1os.<\/p>\n","protected":false},"author":1,"featured_media":0,"comment_status":"open","ping_status":"open","sticky":false,"template":"","format":"standard","meta":{"footnotes":""},"categories":[19],"tags":[],"class_list":["post-299","post","type-post","status-publish","format-standard","hentry","category-noticias"],"_links":{"self":[{"href":"https:\/\/www.desdegranada.com\/site\/index.php?rest_route=\/wp\/v2\/posts\/299","targetHints":{"allow":["GET"]}}],"collection":[{"href":"https:\/\/www.desdegranada.com\/site\/index.php?rest_route=\/wp\/v2\/posts"}],"about":[{"href":"https:\/\/www.desdegranada.com\/site\/index.php?rest_route=\/wp\/v2\/types\/post"}],"author":[{"embeddable":true,"href":"https:\/\/www.desdegranada.com\/site\/index.php?rest_route=\/wp\/v2\/users\/1"}],"replies":[{"embeddable":true,"href":"https:\/\/www.desdegranada.com\/site\/index.php?rest_route=%2Fwp%2Fv2%2Fcomments&post=299"}],"version-history":[{"count":0,"href":"https:\/\/www.desdegranada.com\/site\/index.php?rest_route=\/wp\/v2\/posts\/299\/revisions"}],"wp:attachment":[{"href":"https:\/\/www.desdegranada.com\/site\/index.php?rest_route=%2Fwp%2Fv2%2Fmedia&parent=299"}],"wp:term":[{"taxonomy":"category","embeddable":true,"href":"https:\/\/www.desdegranada.com\/site\/index.php?rest_route=%2Fwp%2Fv2%2Fcategories&post=299"},{"taxonomy":"post_tag","embeddable":true,"href":"https:\/\/www.desdegranada.com\/site\/index.php?rest_route=%2Fwp%2Fv2%2Ftags&post=299"}],"curies":[{"name":"wp","href":"https:\/\/api.w.org\/{rel}","templated":true}]}}