{"id":300,"date":"2020-09-15T17:25:05","date_gmt":"2020-09-15T17:25:05","guid":{"rendered":"https:\/\/www.desdegranada.com\/site\/?p=300"},"modified":"2020-09-15T17:25:05","modified_gmt":"2020-09-15T17:25:05","slug":"version-26-de-la-romeria-granadina-en-cali-sera-de-manera-virtual","status":"publish","type":"post","link":"https:\/\/www.desdegranada.com\/site\/?p=300","title":{"rendered":"Versi\u00f3n 26 de la Romer\u00eda Granadina en Cali ser\u00e1 de manera virtual"},"content":{"rendered":"<p style=\"text-align: justify;\">En este sentido la Romer\u00eda Granadina, uno de los eventos m\u00e1s importantes que desarrollan los paisanos residentes en la ciudad Cali, tendr\u00e1 como cada a\u00f1o su espacio, aunque esta vez de manera virtual.<\/p>\n<p style=\"text-align: justify;\">El evento que pretende integrar a los granadinos dispersos en todo el pa\u00eds y el mundo en torno a una causa solidaria, est\u00e1 programado para el domingo 27 de septiembre, iniciando a las 10:00a.m con la eucarist\u00eda desde el municipio de Granada.<\/p>\n<p style=\"text-align: justify;\">De la misma manera, las dem\u00e1s actividades que hacen parte del programa de la romer\u00eda se realizar\u00e1n a trav\u00e9s de las redes sociales de la colonia.<\/p>\n<p style=\"text-align: justify;\">\u00a0<\/p>\n<p><iframe loading=\"lazy\" style=\"border: none; overflow: hidden;\" src=\"https:\/\/www.facebook.com\/plugins\/video.php?href=https%3A%2F%2Fwww.facebook.com%2Fgranada.stereo%2Fvideos%2F3060698820725259%2F&amp;show_text=0&amp;width=560\" width=\"560\" height=\"316\" frameborder=\"0\" scrolling=\"no\" allowfullscreen=\"allowfullscreen\"><\/iframe><\/p>\n<p>\u00a0<\/p>\n<p><iframe loading=\"lazy\" style=\"border: none; overflow: hidden;\" src=\"https:\/\/www.facebook.com\/plugins\/video.php?href=https%3A%2F%2Fwww.facebook.com%2Fgranada.stereo%2Fvideos%2F321031332559825%2F&amp;show_text=0&amp;width=560\" width=\"560\" height=\"316\" frameborder=\"0\" scrolling=\"no\" allowfullscreen=\"allowfullscreen\"><\/iframe><\/p>\n","protected":false},"excerpt":{"rendered":"<p style=\"text-align: justify;\">Aunque la pandemia global del covid-19 ha obligado a la suspensi\u00f3n de variedad de eventos y actividades, y en otros casos a la reinvenci\u00f3n de los mismos, de a poco se evidencia el regreso de una nueva normalidad.<\/p>\n","protected":false},"author":1,"featured_media":0,"comment_status":"open","ping_status":"open","sticky":false,"template":"","format":"standard","meta":{"footnotes":""},"categories":[19],"tags":[],"class_list":["post-300","post","type-post","status-publish","format-standard","hentry","category-noticias"],"_links":{"self":[{"href":"https:\/\/www.desdegranada.com\/site\/index.php?rest_route=\/wp\/v2\/posts\/300","targetHints":{"allow":["GET"]}}],"collection":[{"href":"https:\/\/www.desdegranada.com\/site\/index.php?rest_route=\/wp\/v2\/posts"}],"about":[{"href":"https:\/\/www.desdegranada.com\/site\/index.php?rest_route=\/wp\/v2\/types\/post"}],"author":[{"embeddable":true,"href":"https:\/\/www.desdegranada.com\/site\/index.php?rest_route=\/wp\/v2\/users\/1"}],"replies":[{"embeddable":true,"href":"https:\/\/www.desdegranada.com\/site\/index.php?rest_route=%2Fwp%2Fv2%2Fcomments&post=300"}],"version-history":[{"count":0,"href":"https:\/\/www.desdegranada.com\/site\/index.php?rest_route=\/wp\/v2\/posts\/300\/revisions"}],"wp:attachment":[{"href":"https:\/\/www.desdegranada.com\/site\/index.php?rest_route=%2Fwp%2Fv2%2Fmedia&parent=300"}],"wp:term":[{"taxonomy":"category","embeddable":true,"href":"https:\/\/www.desdegranada.com\/site\/index.php?rest_route=%2Fwp%2Fv2%2Fcategories&post=300"},{"taxonomy":"post_tag","embeddable":true,"href":"https:\/\/www.desdegranada.com\/site\/index.php?rest_route=%2Fwp%2Fv2%2Ftags&post=300"}],"curies":[{"name":"wp","href":"https:\/\/api.w.org\/{rel}","templated":true}]}}