{"id":302,"date":"2020-09-19T14:55:25","date_gmt":"2020-09-19T14:55:25","guid":{"rendered":"https:\/\/www.desdegranada.com\/site\/?p=302"},"modified":"2020-09-19T14:55:25","modified_gmt":"2020-09-19T14:55:25","slug":"luego-de-visita-y-varios-compromisos-se-espera-que-en-dos-semanas-inicie-asfaltado-en-via-la-quiebra-cruces","status":"publish","type":"post","link":"https:\/\/www.desdegranada.com\/site\/?p=302","title":{"rendered":"Luego de visita y varios compromisos, se espera que en dos semanas inicie asfaltado en v\u00eda La Quiebra &#8211; Cruces"},"content":{"rendered":"<p style=\"text-align: justify;\">\u201cHab\u00eda mucha inconformidad, mucho comentario de trabajos que iban a quedar mal hechos\u201d, dijo Nicanor Vergara de la vereda Las Palmas. Esto lo reafirmaba Jos\u00e9 Uriel Monsalve, habitante de la vereda La Quiebra detallando que \u201chay partes donde hacen falta unos filtros, hay partes que se est\u00e1n yendo por las transversales\u201d.<\/p>\n<p style=\"text-align: justify;\"><img loading=\"lazy\" decoding=\"async\" src=\"images\/La_Quiebra_-_Cruces_1.jpg\" alt=\"\" width=\"750\" height=\"439\" \/><\/p>\n<p style=\"text-align: justify;\">Todas esas inquietudes de la comunidad, que ha contado con el respaldo del concejo municipal, fueron remitidas a los contratistas y el director ejecutivo de la Provincia del Agua, los Bosques y el Turismo, Yeison Valderrama, quienes dieron claridad a cada una de las dudas desde el punto de vista t\u00e9cnico y constructivo.<\/p>\n<p style=\"text-align: justify;\">\u201cBuenas noticias para las comunidades, porque a trav\u00e9s de hacer presencia con el concejo municipal, con la alcald\u00eda, podemos revisar detalladamente el avance y las inconformidades que surgen en la ejecuci\u00f3n de los proyectos. Y poder escuchar a la comunidad de primera mano de cu\u00e1les son esas inquietudes, para nosotros es muy valioso y se tomaron los correctivos del caso para que la obra avance correctamente\u201d, manifest\u00f3 respecto al balance de la visita el director de la provincia.<\/p>\n<p style=\"text-align: justify;\"><img loading=\"lazy\" decoding=\"async\" src=\"images\/La_Quiebra_-_Cruces_2.jpg\" alt=\"\" width=\"750\" height=\"439\" \/><\/p>\n<p style=\"text-align: justify;\">Tras el recorrido por la v\u00eda y una corta reuni\u00f3n con la comunidad se establecieron unos compromisos que dejan mayor tranquilidad dentro de los pobladores de la zona, pues significar\u00e1 que este proyecto que genera tanta ilusi\u00f3n en la gente, se llevar\u00e1 a cabo en su totalidad, aunque con algunos ajustes.<\/p>\n<p style=\"text-align: justify;\">\u201cEsta obra que est\u00e1n haciendo ac\u00e1 es muy importante porque nosotros siempre vivimos en una parte muy alejada del pueblo y esto nos va a acercar m\u00e1s, va a ser mucho m\u00e1s c\u00f3modo para todos. Esto para la regi\u00f3n de nosotros va a ser muy importante un proyecto de esos\u201d, dec\u00eda ya Nicanor al concluir la reuni\u00f3n.<\/p>\n<p style=\"text-align: justify;\">Por su parte Jos\u00e9 Uriel enfatizaba en los acuerdos \u201cse comprometieron a corregirlas hasta ahora, ese fue un compromiso del se\u00f1or Yeison Valderrama y entonces esperamos eso, hay m\u00e1s tranquilidad de la comunidad. Va a quedar para sacar los productos de las veredas porque esto primero era huecos por all\u00e1 y por aqu\u00ed y ya est\u00e1 mejorando un poquito m\u00e1s la calidad de vida de la gente\u201d.<\/p>\n<p style=\"text-align: justify;\"><img loading=\"lazy\" decoding=\"async\" src=\"images\/La_Quiebra_-_Cruces_3.jpg\" alt=\"\" width=\"750\" height=\"439\" \/><\/p>\n<p style=\"text-align: justify;\">\u201cSeguimos con los ojos puestos sobre la obra y seguiremos haciendo seguimiento hasta que lleguemos a feliz t\u00e9rmino\u201d, anunci\u00f3 el presidente el concejo municipal Edwin Giraldo.<\/p>\n<p style=\"text-align: justify;\">En las dos \u00faltimas semanas se han evidenciado avances significativos en los trabajos previos al vaciado de asfalto y se espera que para el mes de diciembre est\u00e9 culminada esta intervenci\u00f3n.<\/p>\n<p style=\"text-align: justify;\"><iframe loading=\"lazy\" src=\"\/\/www.youtube.com\/embed\/0GNa9qHbW6c\" width=\"720\" height=\"404\" allowfullscreen=\"allowfullscreen\"><\/iframe><\/p>\n<p style=\"text-align: justify;\"><iframe loading=\"lazy\" src=\"\/\/www.youtube.com\/embed\/Ts5uyVZMpro\" width=\"720\" height=\"404\" allowfullscreen=\"allowfullscreen\"><\/iframe><\/p>\n","protected":false},"excerpt":{"rendered":"<p style=\"text-align: justify;\">M\u00e1s que el inconformismo por el lento avance en las obras de pavimentaci\u00f3n de 1.7 kil\u00f3metros de v\u00eda entre la vereda La Quiebra y Cruces, dentro de las comunidades beneficiadas con este proyecto se ven\u00eda dando una preocupaci\u00f3n generalizada, pues como conocedores de la v\u00eda y a su juicio, en algunos sectores se hacen necesarias m\u00e1s obras hidr\u00e1ulicas y la instalaci\u00f3n de filtros.<\/p>\n","protected":false},"author":1,"featured_media":0,"comment_status":"open","ping_status":"open","sticky":false,"template":"","format":"standard","meta":{"footnotes":""},"categories":[19],"tags":[],"class_list":["post-302","post","type-post","status-publish","format-standard","hentry","category-noticias"],"_links":{"self":[{"href":"https:\/\/www.desdegranada.com\/site\/index.php?rest_route=\/wp\/v2\/posts\/302","targetHints":{"allow":["GET"]}}],"collection":[{"href":"https:\/\/www.desdegranada.com\/site\/index.php?rest_route=\/wp\/v2\/posts"}],"about":[{"href":"https:\/\/www.desdegranada.com\/site\/index.php?rest_route=\/wp\/v2\/types\/post"}],"author":[{"embeddable":true,"href":"https:\/\/www.desdegranada.com\/site\/index.php?rest_route=\/wp\/v2\/users\/1"}],"replies":[{"embeddable":true,"href":"https:\/\/www.desdegranada.com\/site\/index.php?rest_route=%2Fwp%2Fv2%2Fcomments&post=302"}],"version-history":[{"count":0,"href":"https:\/\/www.desdegranada.com\/site\/index.php?rest_route=\/wp\/v2\/posts\/302\/revisions"}],"wp:attachment":[{"href":"https:\/\/www.desdegranada.com\/site\/index.php?rest_route=%2Fwp%2Fv2%2Fmedia&parent=302"}],"wp:term":[{"taxonomy":"category","embeddable":true,"href":"https:\/\/www.desdegranada.com\/site\/index.php?rest_route=%2Fwp%2Fv2%2Fcategories&post=302"},{"taxonomy":"post_tag","embeddable":true,"href":"https:\/\/www.desdegranada.com\/site\/index.php?rest_route=%2Fwp%2Fv2%2Ftags&post=302"}],"curies":[{"name":"wp","href":"https:\/\/api.w.org\/{rel}","templated":true}]}}