{"id":303,"date":"2020-09-19T20:48:50","date_gmt":"2020-09-19T20:48:50","guid":{"rendered":"https:\/\/www.desdegranada.com\/site\/?p=303"},"modified":"2020-09-19T20:48:50","modified_gmt":"2020-09-19T20:48:50","slug":"en-granada-vuelve-la-feria-de-ganado-tras-seis-meses","status":"publish","type":"post","link":"https:\/\/www.desdegranada.com\/site\/?p=303","title":{"rendered":"En Granada vuelve la feria de ganado tras seis meses"},"content":{"rendered":"<p style=\"text-align: justify;\">Para poder participar de la feria es indispensable el uso del tapabocas.<\/p>\n<p style=\"text-align: justify;\"><img decoding=\"async\" src=\"images\/Re_apertura_feria_de_ganado_2.jpg\" alt=\"\" \/><\/p>\n<p style=\"text-align: justify;\">Entre otras medidas que hacen parte del regreso de esta actividad econ\u00f3mica que es una de las m\u00e1s importantes del municipio, est\u00e1n:<\/p>\n<ul style=\"text-align: justify;\">\n<li>Haber inscrito previamente el predio ante al UMATA.<\/li>\n<li>Mantener actualizada la vacunaci\u00f3n contra la fiebre aftosa y la brucelosis bovina.<\/li>\n<li>Portar la licencia de movilizaci\u00f3n de ganado.<\/li>\n<li>Tener tiquetes para la gu\u00eda de movilizaci\u00f3n y salida de cada semoviente.<\/li>\n<\/ul>\n<p style=\"text-align: justify;\">La feria de ganado se suspendi\u00f3 desde el pasado 15 de marzo cuando tuvo su inicio el aislamiento preventivo obligatorio decretado por el Gobierno Nacional, sin embargo, durante este tiempo los ganaderos han utilizado otras estrategias para no dejar de comerciar sus animales.<\/p>\n","protected":false},"excerpt":{"rendered":"<p style=\"text-align: justify;\">El pr\u00f3ximo lunes 21 de septiembre nuevamente los ganaderos del municipio volver\u00e1n a la feria para comercializar su ganado, esto luego de que los protocolos de bioseguridad presentados por la administraci\u00f3n municipal fueran aprobados.<\/p>\n","protected":false},"author":1,"featured_media":0,"comment_status":"open","ping_status":"open","sticky":false,"template":"","format":"standard","meta":{"footnotes":""},"categories":[19],"tags":[],"class_list":["post-303","post","type-post","status-publish","format-standard","hentry","category-noticias"],"_links":{"self":[{"href":"https:\/\/www.desdegranada.com\/site\/index.php?rest_route=\/wp\/v2\/posts\/303","targetHints":{"allow":["GET"]}}],"collection":[{"href":"https:\/\/www.desdegranada.com\/site\/index.php?rest_route=\/wp\/v2\/posts"}],"about":[{"href":"https:\/\/www.desdegranada.com\/site\/index.php?rest_route=\/wp\/v2\/types\/post"}],"author":[{"embeddable":true,"href":"https:\/\/www.desdegranada.com\/site\/index.php?rest_route=\/wp\/v2\/users\/1"}],"replies":[{"embeddable":true,"href":"https:\/\/www.desdegranada.com\/site\/index.php?rest_route=%2Fwp%2Fv2%2Fcomments&post=303"}],"version-history":[{"count":0,"href":"https:\/\/www.desdegranada.com\/site\/index.php?rest_route=\/wp\/v2\/posts\/303\/revisions"}],"wp:attachment":[{"href":"https:\/\/www.desdegranada.com\/site\/index.php?rest_route=%2Fwp%2Fv2%2Fmedia&parent=303"}],"wp:term":[{"taxonomy":"category","embeddable":true,"href":"https:\/\/www.desdegranada.com\/site\/index.php?rest_route=%2Fwp%2Fv2%2Fcategories&post=303"},{"taxonomy":"post_tag","embeddable":true,"href":"https:\/\/www.desdegranada.com\/site\/index.php?rest_route=%2Fwp%2Fv2%2Ftags&post=303"}],"curies":[{"name":"wp","href":"https:\/\/api.w.org\/{rel}","templated":true}]}}