{"id":304,"date":"2020-09-23T15:36:15","date_gmt":"2020-09-23T15:36:15","guid":{"rendered":"https:\/\/www.desdegranada.com\/site\/?p=304"},"modified":"2020-09-23T15:36:15","modified_gmt":"2020-09-23T15:36:15","slug":"cocina-campesina-curso-virtual-con-dona-carmen","status":"publish","type":"post","link":"https:\/\/www.desdegranada.com\/site\/?p=304","title":{"rendered":"Cocina campesina, curso virtual con do\u00f1a Carmen"},"content":{"rendered":"<p style=\"text-align: justify;\">Por medio de este curso se pretende generar una interacci\u00f3n de la ciudad con el campo, reivindicar el rol de la mujer en la tierra a trav\u00e9s del conocimiento ancestral. ?<\/p>\n<p style=\"text-align: justify;\">Do\u00f1a Carmen, a parte de ense\u00f1ar a crear el plato \u00abEl Sol\u00bb ?, una receta sanadora y llena de energ\u00eda para superar cualquier enfermedad, nos ense\u00f1ar\u00e1 cada uno de los beneficios que tienen los productos utilizados. Por ejemplo, la cebolla previene el c\u00e1ncer. \u2728<\/p>\n<p style=\"text-align: justify;\">Apoya el valor que ha tenido do\u00f1a Carmen para asumir el reto de ense\u00f1ar por medio de WhatsApp a cocinar. ?<\/p>\n<p style=\"text-align: justify;\">Fecha: S\u00e1bado 26.Septiembre<br \/>Hora: 9:00 am-11:00 am<br \/>Duraci\u00f3n: 2 Horas<br \/>Inscripci\u00f3n al WhatsApp: 312 676 8724<br \/>Aporte: 10.000<\/p>\n<p style=\"text-align: justify;\">*El 80% del dinero recaudado ser\u00e1 para do\u00f1a Carmen y el 20% para Tejipaz, organizadora del curso virtual.<\/p>\n","protected":false},"excerpt":{"rendered":"<p style=\"text-align: justify;\">Do\u00f1a Carmen, una mujer l\u00edder de la vereda \u00abEl Morro\u00bb de Granada, Antioquia; muestra a partir de su valent\u00eda que so\u00f1ar se puede, que las mujeres necesitan ser escuchadas y visibilizadas. ?<\/p>\n","protected":false},"author":1,"featured_media":0,"comment_status":"open","ping_status":"open","sticky":false,"template":"","format":"standard","meta":{"footnotes":""},"categories":[19],"tags":[],"class_list":["post-304","post","type-post","status-publish","format-standard","hentry","category-noticias"],"_links":{"self":[{"href":"https:\/\/www.desdegranada.com\/site\/index.php?rest_route=\/wp\/v2\/posts\/304","targetHints":{"allow":["GET"]}}],"collection":[{"href":"https:\/\/www.desdegranada.com\/site\/index.php?rest_route=\/wp\/v2\/posts"}],"about":[{"href":"https:\/\/www.desdegranada.com\/site\/index.php?rest_route=\/wp\/v2\/types\/post"}],"author":[{"embeddable":true,"href":"https:\/\/www.desdegranada.com\/site\/index.php?rest_route=\/wp\/v2\/users\/1"}],"replies":[{"embeddable":true,"href":"https:\/\/www.desdegranada.com\/site\/index.php?rest_route=%2Fwp%2Fv2%2Fcomments&post=304"}],"version-history":[{"count":0,"href":"https:\/\/www.desdegranada.com\/site\/index.php?rest_route=\/wp\/v2\/posts\/304\/revisions"}],"wp:attachment":[{"href":"https:\/\/www.desdegranada.com\/site\/index.php?rest_route=%2Fwp%2Fv2%2Fmedia&parent=304"}],"wp:term":[{"taxonomy":"category","embeddable":true,"href":"https:\/\/www.desdegranada.com\/site\/index.php?rest_route=%2Fwp%2Fv2%2Fcategories&post=304"},{"taxonomy":"post_tag","embeddable":true,"href":"https:\/\/www.desdegranada.com\/site\/index.php?rest_route=%2Fwp%2Fv2%2Ftags&post=304"}],"curies":[{"name":"wp","href":"https:\/\/api.w.org\/{rel}","templated":true}]}}