{"id":305,"date":"2020-10-01T13:57:27","date_gmt":"2020-10-01T13:57:27","guid":{"rendered":"https:\/\/www.desdegranada.com\/site\/?p=305"},"modified":"2020-10-01T13:57:27","modified_gmt":"2020-10-01T13:57:27","slug":"romeria-granadina-un-ejercicio-de-solidaridad-aun-desde-la-virtualidad","status":"publish","type":"post","link":"https:\/\/www.desdegranada.com\/site\/?p=305","title":{"rendered":"Romer\u00eda granadina: un ejercicio de solidaridad a\u00fan desde la virtualidad"},"content":{"rendered":"<p style=\"text-align: justify;\">A partir de ah\u00ed se empez\u00f3 a conformar la colonia de granadinos residentes en la Sultana del Valle, y con el correr de los a\u00f1os esta colonia se ha consolidado hasta convertirse en la m\u00e1s importante y organizada del pa\u00eds.<\/p>\n<p style=\"text-align: justify;\">Construir, aportar, y servir a Granada y a Cali, que los acogi\u00f3. Esa ha sido la consigna de la colonia granadina con su romer\u00eda anual, que se viene desarrollando desde hace ya veintis\u00e9is a\u00f1os.<\/p>\n<p style=\"text-align: justify;\">Con la incertidumbre hasta los \u00faltimos momentos de realizar o no la versi\u00f3n 2020 de este encuentro de integraci\u00f3n y solidaridad debido a la pandemia del covid-19, la disponibilidad y compromiso de instituciones, l\u00edderes de la colonia y paisanos en general, dieron el impulso definitivo para decir s\u00ed a desarrollar de manera virtual este evento.<\/p>\n<p style=\"text-align: justify;\"><img loading=\"lazy\" decoding=\"async\" src=\"images\/Romeria_granadina_2020_1.jpg\" alt=\"\" width=\"750\" height=\"439\" \/><\/p>\n<p style=\"text-align: justify;\">\u201cEsta es vez claramente fue una versi\u00f3n que se desarroll\u00f3 casi que en 20 d\u00edas. Fue marat\u00f3nica toda la gesti\u00f3n que se hizo\u201d, explica Diana Paola L\u00f3pez, directora de la colonia.<\/p>\n<p style=\"text-align: justify;\">\u201cNos sentimos orgullosos, porque cuando muchos eventos se cancelaron y se siguen cancelando, nosotros seguimos creyendo que se puede servir y trabajar a pesar de la situaci\u00f3n, porque sabemos que cuando los ciudadanos se suman no necesitan permiso de ning\u00fan ente p\u00fablico para construir\u201d, expresaba a trav\u00e9s de su red social facebook Edison Giraldo, granadino residente en Cali.<\/p>\n<p style=\"text-align: justify;\">La tecnolog\u00eda, pero m\u00e1s precisamente Granada Stereo y VahosTV, medios de comunicaci\u00f3n de Granada, se encargaron de conectar al municipio con Cali durante esta romer\u00eda virtual, en la que la m\u00fasica, el arte y la cultura, pero en especial el esp\u00edritu de solidaridad se vivi\u00f3 por alrededor de 5 horas ininterrumpidas.<\/p>\n<p style=\"text-align: justify;\">M\u00e1s de 2.200 almuerzos, 110 tablas de bingo, m\u00e1s de 80 kits granadinos y alrededor de 50 bonos de solidaridad vendidos, fueron el resultado de esta jornada que re\u00fane, integra y tiene la apuesta decidida por ayudar a que muchas personas tengan una mejor calidad de vida.<\/p>\n<p style=\"text-align: justify;\"><img loading=\"lazy\" decoding=\"async\" src=\"images\/Romeria_granadina_2020_2.jpg\" alt=\"\" width=\"750\" height=\"439\" \/><\/p>\n<p style=\"text-align: justify;\">Sobre el positivo balance de la romer\u00eda virtual, Diana destac\u00f3 que \u201cla experiencia enriquecedora, maravillosa. Nos dimos cuenta de que es muy posible llevar la romer\u00eda a otro formato en el que todos nos podemos unir, muchas personas de otras ciudades se vincularon y es muy lindo porque es empezar a utilizar todas estas herramientas que hoy tenemos para poder acercar los corazones, para poder unir todas las voluntades solidarias de los granadinos\u201d.<\/p>\n<p style=\"text-align: justify;\">\u201cNos sentimos orgullosos de nacer en una patria chica llamada Granada, Antioquia, donde ninguna, lea bien, NINGUNA ADVERSIDAD nos ha detenido ni nos detendr\u00e1 porque siempre es buen momento para servir\u201d, enfatizaba por su parte Edison en su publicaci\u00f3n.<\/p>\n<p style=\"text-align: justify;\">A lo largo de los 70 a\u00f1os de historia de la colonia granadina residente en Cali, nuestros paisanos han generado empresa, han empleado a otros coterr\u00e1neos y han tenido gran influencia en desarrollo no solo en la ciudad sino tambi\u00e9n en el municipio, mediante el apoyo a diferentes causas sociales.<\/p>\n<p>\u00a0<iframe loading=\"lazy\" src=\"\/\/www.youtube.com\/embed\/ffrQ7cM2N6E\" width=\"720\" height=\"404\" allowfullscreen=\"allowfullscreen\"><\/iframe><\/p>\n<p>\u00a0<\/p>\n","protected":false},"excerpt":{"rendered":"<p style=\"text-align: justify;\">Fotos: Edison Giraldo.<\/p>\n<p style=\"text-align: justify;\">Entre los a\u00f1os 40s y 50s llegaron a Cali los primeros granadinos, quienes se dedicaron al comercio y otras actividades informales en el centro de la ciudad.<\/p>\n","protected":false},"author":1,"featured_media":0,"comment_status":"open","ping_status":"open","sticky":false,"template":"","format":"standard","meta":{"footnotes":""},"categories":[19],"tags":[],"class_list":["post-305","post","type-post","status-publish","format-standard","hentry","category-noticias"],"_links":{"self":[{"href":"https:\/\/www.desdegranada.com\/site\/index.php?rest_route=\/wp\/v2\/posts\/305","targetHints":{"allow":["GET"]}}],"collection":[{"href":"https:\/\/www.desdegranada.com\/site\/index.php?rest_route=\/wp\/v2\/posts"}],"about":[{"href":"https:\/\/www.desdegranada.com\/site\/index.php?rest_route=\/wp\/v2\/types\/post"}],"author":[{"embeddable":true,"href":"https:\/\/www.desdegranada.com\/site\/index.php?rest_route=\/wp\/v2\/users\/1"}],"replies":[{"embeddable":true,"href":"https:\/\/www.desdegranada.com\/site\/index.php?rest_route=%2Fwp%2Fv2%2Fcomments&post=305"}],"version-history":[{"count":0,"href":"https:\/\/www.desdegranada.com\/site\/index.php?rest_route=\/wp\/v2\/posts\/305\/revisions"}],"wp:attachment":[{"href":"https:\/\/www.desdegranada.com\/site\/index.php?rest_route=%2Fwp%2Fv2%2Fmedia&parent=305"}],"wp:term":[{"taxonomy":"category","embeddable":true,"href":"https:\/\/www.desdegranada.com\/site\/index.php?rest_route=%2Fwp%2Fv2%2Fcategories&post=305"},{"taxonomy":"post_tag","embeddable":true,"href":"https:\/\/www.desdegranada.com\/site\/index.php?rest_route=%2Fwp%2Fv2%2Ftags&post=305"}],"curies":[{"name":"wp","href":"https:\/\/api.w.org\/{rel}","templated":true}]}}