{"id":306,"date":"2020-10-06T21:54:47","date_gmt":"2020-10-06T21:54:47","guid":{"rendered":"https:\/\/www.desdegranada.com\/site\/?p=306"},"modified":"2020-10-06T21:54:47","modified_gmt":"2020-10-06T21:54:47","slug":"se-reactivan-procesos-de-la-casa-de-la-cultura-ramon-eduardo-duque","status":"publish","type":"post","link":"https:\/\/www.desdegranada.com\/site\/?p=306","title":{"rendered":"Se reactivan procesos de la casa de la cultura Ram\u00f3n Eduardo Duque"},"content":{"rendered":"<p style=\"text-align: justify;\">Ni\u00f1os, j\u00f3venes y adultos regresan nuevamente al templo de la cultura en Granada para participar de cada uno de los procesos. Las clases presenciales se est\u00e1n desarrollando con grupos peque\u00f1os de personas, eso s\u00ed, cumpliendo con las medidas de bioseguridad.<\/p>\n<p style=\"text-align: justify;\"><img decoding=\"async\" src=\"images\/Reactivacin_procesos_cultura.jpg\" alt=\"\" \/><\/p>\n<p style=\"text-align: justify;\">\u201cEl tema del tamizaje lo hacemos en la entrada de la casa de la cultura con un tapete, la toma de la temperatura y el lavado de manos. Cada sal\u00f3n tendr\u00e1 de a cuatro o cinco estudiantes con un distanciamiento de dos metros, tenemos algunos lugares adecuados para las clases\u201d, explica Ra\u00fal Giraldo, coordinador de la casa de la cultura.<\/p>\n<p style=\"text-align: justify;\">Es de anotar que durante el tiempo en el que la casa estuvo cerrada, los promotores de los procesos desarrollaron sus procesos desde la virtualidad con el prop\u00f3sito de seguir impactando positivamente a la poblaci\u00f3n granadina.<\/p>\n","protected":false},"excerpt":{"rendered":"<p style=\"text-align: justify;\">Tras la suspensi\u00f3n obligada por casi seis meses de los diferentes procesos art\u00edsticos de la casa de la cultura Ram\u00f3n Eduardo Duque a causa de la emergencia sanitaria ocasionada por el covid-19, de nuevo se empieza a evidenciar actividad en la casa.<\/p>\n","protected":false},"author":1,"featured_media":0,"comment_status":"open","ping_status":"open","sticky":false,"template":"","format":"standard","meta":{"footnotes":""},"categories":[19],"tags":[],"class_list":["post-306","post","type-post","status-publish","format-standard","hentry","category-noticias"],"_links":{"self":[{"href":"https:\/\/www.desdegranada.com\/site\/index.php?rest_route=\/wp\/v2\/posts\/306","targetHints":{"allow":["GET"]}}],"collection":[{"href":"https:\/\/www.desdegranada.com\/site\/index.php?rest_route=\/wp\/v2\/posts"}],"about":[{"href":"https:\/\/www.desdegranada.com\/site\/index.php?rest_route=\/wp\/v2\/types\/post"}],"author":[{"embeddable":true,"href":"https:\/\/www.desdegranada.com\/site\/index.php?rest_route=\/wp\/v2\/users\/1"}],"replies":[{"embeddable":true,"href":"https:\/\/www.desdegranada.com\/site\/index.php?rest_route=%2Fwp%2Fv2%2Fcomments&post=306"}],"version-history":[{"count":0,"href":"https:\/\/www.desdegranada.com\/site\/index.php?rest_route=\/wp\/v2\/posts\/306\/revisions"}],"wp:attachment":[{"href":"https:\/\/www.desdegranada.com\/site\/index.php?rest_route=%2Fwp%2Fv2%2Fmedia&parent=306"}],"wp:term":[{"taxonomy":"category","embeddable":true,"href":"https:\/\/www.desdegranada.com\/site\/index.php?rest_route=%2Fwp%2Fv2%2Fcategories&post=306"},{"taxonomy":"post_tag","embeddable":true,"href":"https:\/\/www.desdegranada.com\/site\/index.php?rest_route=%2Fwp%2Fv2%2Ftags&post=306"}],"curies":[{"name":"wp","href":"https:\/\/api.w.org\/{rel}","templated":true}]}}