{"id":307,"date":"2020-10-10T19:09:18","date_gmt":"2020-10-10T19:09:18","guid":{"rendered":"https:\/\/www.desdegranada.com\/site\/?p=307"},"modified":"2020-10-10T19:09:18","modified_gmt":"2020-10-10T19:09:18","slug":"hoy-desde-las-715p-m-final-juvenil-del-festival-granadino-de-la-cancion","status":"publish","type":"post","link":"https:\/\/www.desdegranada.com\/site\/?p=307","title":{"rendered":"Hoy desde las 7:15p.m final juvenil del Festival Granadino de la canci\u00f3n"},"content":{"rendered":"<p style=\"text-align: justify;\">Los menores que participaron en la final infantil y que estuvieron acompa\u00f1ados por sus padres, recibieron un reconocimiento por su participaci\u00f3n en\u00a0el m\u00e1s reciente encuentro musical, que permite detectar el talento de ni\u00f1os y j\u00f3venes para el canto, y da tambi\u00e9n la oportunidad a los adultos de exhibir sus habilidades musicales.<\/p>\n<p style=\"text-align: justify;\">A\u00a0partir de las 7:15pm,\u00a0ser\u00e1n los j\u00f3venes\u00a0los protagonistas de la versi\u00f3n N\u00b021 del festival, y tendr\u00e1n la posibilidad de demostrarle a sus familias y al pueblo granadino en general su capacidad vocal.\u00a0<\/p>\n<p style=\"text-align: justify;\">Con\u00e9ctese con las redes sociales de la emisora Granada Stereo y el Canal Vahos TV para disfrutar de las melodiosas voces de nuestros j\u00f3venes.<\/p>\n<p><iframe loading=\"lazy\" src=\"\/\/www.youtube.com\/embed\/V8-BzXygyG4\" width=\"720\" height=\"404\" allowfullscreen=\"allowfullscreen\"><\/iframe><\/p>\n","protected":false},"excerpt":{"rendered":"<p style=\"text-align: justify;\">Concluida ya la primera final del Festival Granadino de la Canci\u00f3n en la categor\u00eda infantil que tuvo lugar el\u00a0s\u00e1bado 3 de octubre y que dej\u00f3 como ganadora a Jaqueline Aristiz\u00e1bal Giraldo, este s\u00e1bado 10 de octubre se viene la segunda gran final en la categor\u00eda juvenil.<\/p>\n","protected":false},"author":1,"featured_media":0,"comment_status":"open","ping_status":"open","sticky":false,"template":"","format":"standard","meta":{"footnotes":""},"categories":[19],"tags":[],"class_list":["post-307","post","type-post","status-publish","format-standard","hentry","category-noticias"],"_links":{"self":[{"href":"https:\/\/www.desdegranada.com\/site\/index.php?rest_route=\/wp\/v2\/posts\/307","targetHints":{"allow":["GET"]}}],"collection":[{"href":"https:\/\/www.desdegranada.com\/site\/index.php?rest_route=\/wp\/v2\/posts"}],"about":[{"href":"https:\/\/www.desdegranada.com\/site\/index.php?rest_route=\/wp\/v2\/types\/post"}],"author":[{"embeddable":true,"href":"https:\/\/www.desdegranada.com\/site\/index.php?rest_route=\/wp\/v2\/users\/1"}],"replies":[{"embeddable":true,"href":"https:\/\/www.desdegranada.com\/site\/index.php?rest_route=%2Fwp%2Fv2%2Fcomments&post=307"}],"version-history":[{"count":0,"href":"https:\/\/www.desdegranada.com\/site\/index.php?rest_route=\/wp\/v2\/posts\/307\/revisions"}],"wp:attachment":[{"href":"https:\/\/www.desdegranada.com\/site\/index.php?rest_route=%2Fwp%2Fv2%2Fmedia&parent=307"}],"wp:term":[{"taxonomy":"category","embeddable":true,"href":"https:\/\/www.desdegranada.com\/site\/index.php?rest_route=%2Fwp%2Fv2%2Fcategories&post=307"},{"taxonomy":"post_tag","embeddable":true,"href":"https:\/\/www.desdegranada.com\/site\/index.php?rest_route=%2Fwp%2Fv2%2Ftags&post=307"}],"curies":[{"name":"wp","href":"https:\/\/api.w.org\/{rel}","templated":true}]}}