{"id":308,"date":"2020-10-13T14:00:41","date_gmt":"2020-10-13T14:00:41","guid":{"rendered":"https:\/\/www.desdegranada.com\/site\/?p=308"},"modified":"2020-10-13T14:00:41","modified_gmt":"2020-10-13T14:00:41","slug":"granada-stereo-22-anos-nuestro-legado-comunicativo-continua","status":"publish","type":"post","link":"https:\/\/www.desdegranada.com\/site\/?p=308","title":{"rendered":"Granada Stereo 22 a\u00f1os. Nuestro legado comunicativo contin\u00faa"},"content":{"rendered":"<p style=\"text-align: justify;\">Estamos felices de cumplir un a\u00f1o m\u00e1s al aire acompa\u00f1ando al pueblo granadino. Seguiremos trabajando para sacar adelante a nuestro municipio desde nuestra labor informativa.<\/p>\n<p style=\"text-align: justify;\">Con un programa especial celebramos esta fecha con nuestros oyentes, y gracias a la vinculaci\u00f3n de comerciantes entregamos diferentes premios a nuestra audiencia. A trav\u00e9s de las redes sociales los mensajes de felicitaci\u00f3n para nuestra emisora no se hicieron esperar. Estos son algunos de ellos:<\/p>\n<p style=\"text-align: justify;\"><em>\u201cFelicitaciones, recuerdo muy bien el inicio de la emisora, Monse\u00f1or Laureano, John V\u00e1squez, Orlando&#8230; grandes recuerdos y la gran acogida por parte de la comunidad.<\/em><em><br \/> Y ver esta gran evoluci\u00f3n me da mucha alegr\u00eda. Felicitaciones y que sean muchos a\u00f1os m\u00e1s al servicio de mi pueblo querido Granada\u201d, Juan Carlos Barrera Calder\u00f3n.<\/em><\/p>\n<p style=\"text-align: justify;\"><em>\u201cUn reconocimiento a nuestra querida emisora Granada Stereo por su servicio informativo, formativo, recreativo y por la posibilidad que nos abre como comunidad a la participaci\u00f3n\u201d, <\/em><em>Blanca Norha Ossa Hoyos.<\/em><\/p>\n<p style=\"text-align: justify;\"><em>\u201cFelicitaciones, una emisora que avanza y de servicio a la comunidad, a todo el equipo humano gracias por acompa\u00f1ar e informar\u201d, Edwin Fernando Giraldo Aristiz\u00e1bal.<\/em><\/p>\n<p style=\"text-align: justify;\"><em>\u201cGracias por el trabajo tan valioso que han realizado en y por la comunidad y que sean muchos a\u00f1os m\u00e1s apoyando en la transformaci\u00f3n de nuestro territorio\u201d, Gloria Elcy Quintero Giraldo.<\/em><\/p>\n<p style=\"text-align: justify;\">Son ya 22 a\u00f1os y contando. Gracias a ustedes nuestra comunidad, gracias a ustedes paisanos de las distintas ciudades del pa\u00eds y de fuera de \u00e9l, gracias a instituciones, campesinos y ciudadanos de a pie nuestro legado comunicativo contin\u00faa. \u00a0<\/p>\n","protected":false},"excerpt":{"rendered":"<p style=\"text-align: justify;\">22 a\u00f1os han pasado desde aquel 12 de octubre de 1998, fecha en la que se constituy\u00f3 legalmente la Asociaci\u00f3n para el Desarrollo Cultural de Granada de la que hace parte Granada Stereo. Un proceso que se fortalece a\u00f1o tras a\u00f1o gracias al sentido de pertenencia de nuestra comunidad.<\/p>\n","protected":false},"author":1,"featured_media":0,"comment_status":"open","ping_status":"open","sticky":false,"template":"","format":"standard","meta":{"footnotes":""},"categories":[19],"tags":[],"class_list":["post-308","post","type-post","status-publish","format-standard","hentry","category-noticias"],"_links":{"self":[{"href":"https:\/\/www.desdegranada.com\/site\/index.php?rest_route=\/wp\/v2\/posts\/308","targetHints":{"allow":["GET"]}}],"collection":[{"href":"https:\/\/www.desdegranada.com\/site\/index.php?rest_route=\/wp\/v2\/posts"}],"about":[{"href":"https:\/\/www.desdegranada.com\/site\/index.php?rest_route=\/wp\/v2\/types\/post"}],"author":[{"embeddable":true,"href":"https:\/\/www.desdegranada.com\/site\/index.php?rest_route=\/wp\/v2\/users\/1"}],"replies":[{"embeddable":true,"href":"https:\/\/www.desdegranada.com\/site\/index.php?rest_route=%2Fwp%2Fv2%2Fcomments&post=308"}],"version-history":[{"count":0,"href":"https:\/\/www.desdegranada.com\/site\/index.php?rest_route=\/wp\/v2\/posts\/308\/revisions"}],"wp:attachment":[{"href":"https:\/\/www.desdegranada.com\/site\/index.php?rest_route=%2Fwp%2Fv2%2Fmedia&parent=308"}],"wp:term":[{"taxonomy":"category","embeddable":true,"href":"https:\/\/www.desdegranada.com\/site\/index.php?rest_route=%2Fwp%2Fv2%2Fcategories&post=308"},{"taxonomy":"post_tag","embeddable":true,"href":"https:\/\/www.desdegranada.com\/site\/index.php?rest_route=%2Fwp%2Fv2%2Ftags&post=308"}],"curies":[{"name":"wp","href":"https:\/\/api.w.org\/{rel}","templated":true}]}}