{"id":310,"date":"2020-10-16T21:59:55","date_gmt":"2020-10-16T21:59:55","guid":{"rendered":"https:\/\/www.desdegranada.com\/site\/?p=310"},"modified":"2020-10-16T21:59:55","modified_gmt":"2020-10-16T21:59:55","slug":"desde-el-19-de-octubre-parroquia-retoma-las-visitas-a-las-veredas","status":"publish","type":"post","link":"https:\/\/www.desdegranada.com\/site\/?p=310","title":{"rendered":"Desde el 19 de octubre parroquia retoma las visitas a las veredas"},"content":{"rendered":"<p style=\"text-align: justify;\">\u201cPor gracia de Dios vamos a iniciar estas visitas a las veredas. Ojal\u00e1 con mucho entusiasmo esperemos al sacerdote\u201d, anunci\u00f3 el p\u00e1rroco Sergio Augusto Botero.<\/p>\n<p style=\"text-align: justify;\">Es as\u00ed como desde el pr\u00f3ximo 19 de octubre, nuevamente los sacerdotes de la parroquia Santa B\u00e1rbara empezar\u00e1n a visitar cada una de las veredas de la localidad con el prop\u00f3sito de celebrar la eucarist\u00eda y acercar los dem\u00e1s sacramentos a los habitantes de la zona rural.<\/p>\n<p style=\"text-align: justify;\"><img decoding=\"async\" src=\"images\/Visita_veredas_2020.jpg\" alt=\"\" \/><\/p>\n<p style=\"text-align: justify;\">Despu\u00e9s de varios meses en los que esta actividad parroquial estuvo suspendida, el cronograma de visitas a partir del 19 de octubre desde las 2:00p.m, ser\u00e1 el siguiente:<\/p>\n<ul style=\"text-align: justify;\">\n<li>Lunes 19 de octubre El Tabor y Malpaso.<\/li>\n<li>Martes 20 Reyes y El Jard\u00edn.<\/li>\n<li>Mi\u00e9rcoles 21 El Morro y La Gaviota.<\/li>\n<li>Viernes 23 Las Vegas, San Esteban y El Vergel.<\/li>\n<li>Lunes 26 Tafetanes y La Primavera.<\/li>\n<li>Martes 27 El Concilio y La Honda.<\/li>\n<li>Mi\u00e9rcoles 28 La Merced y La Aguada.<\/li>\n<li>Jueves 29 Vahitos, Minitas y San Mat\u00edas.<\/li>\n<li>Viernes 30 La Aurora y El Chuscal.<\/li>\n<li>Martes 3 de noviembre Quebradona Arriba y Quebradona Abajo.<\/li>\n<li>Mi\u00e9rcoles 4 La Quiebra y La Linda.<\/li>\n<li>Jueves 5 El Roble y Los Planes.<\/li>\n<li>Viernes 6 Los Medios y El Ed\u00e9n.<\/li>\n<\/ul>\n<p style=\"text-align: justify;\">Este ejercicio se retoma, como es l\u00f3gico, teniendo en cuenta todos los protocolos de bioseguridad.<\/p>\n","protected":false},"excerpt":{"rendered":"<p style=\"text-align: justify;\">Luego de la reapertura de los templos a mediados del mes de agosto, una de las mayores peticiones de los fieles del municipio era la visita de la parroquia a las veredas y finalmente este momento se ha llegado.<\/p>\n","protected":false},"author":1,"featured_media":0,"comment_status":"open","ping_status":"open","sticky":false,"template":"","format":"standard","meta":{"footnotes":""},"categories":[19],"tags":[],"class_list":["post-310","post","type-post","status-publish","format-standard","hentry","category-noticias"],"_links":{"self":[{"href":"https:\/\/www.desdegranada.com\/site\/index.php?rest_route=\/wp\/v2\/posts\/310","targetHints":{"allow":["GET"]}}],"collection":[{"href":"https:\/\/www.desdegranada.com\/site\/index.php?rest_route=\/wp\/v2\/posts"}],"about":[{"href":"https:\/\/www.desdegranada.com\/site\/index.php?rest_route=\/wp\/v2\/types\/post"}],"author":[{"embeddable":true,"href":"https:\/\/www.desdegranada.com\/site\/index.php?rest_route=\/wp\/v2\/users\/1"}],"replies":[{"embeddable":true,"href":"https:\/\/www.desdegranada.com\/site\/index.php?rest_route=%2Fwp%2Fv2%2Fcomments&post=310"}],"version-history":[{"count":0,"href":"https:\/\/www.desdegranada.com\/site\/index.php?rest_route=\/wp\/v2\/posts\/310\/revisions"}],"wp:attachment":[{"href":"https:\/\/www.desdegranada.com\/site\/index.php?rest_route=%2Fwp%2Fv2%2Fmedia&parent=310"}],"wp:term":[{"taxonomy":"category","embeddable":true,"href":"https:\/\/www.desdegranada.com\/site\/index.php?rest_route=%2Fwp%2Fv2%2Fcategories&post=310"},{"taxonomy":"post_tag","embeddable":true,"href":"https:\/\/www.desdegranada.com\/site\/index.php?rest_route=%2Fwp%2Fv2%2Ftags&post=310"}],"curies":[{"name":"wp","href":"https:\/\/api.w.org\/{rel}","templated":true}]}}