{"id":312,"date":"2020-10-23T20:49:41","date_gmt":"2020-10-23T20:49:41","guid":{"rendered":"https:\/\/www.desdegranada.com\/site\/?p=312"},"modified":"2020-10-23T20:49:41","modified_gmt":"2020-10-23T20:49:41","slug":"es-una-realidad-la-pavimentacion-de-1-7-kilometros-entre-la-quiebra-y-cruces","status":"publish","type":"post","link":"https:\/\/www.desdegranada.com\/site\/?p=312","title":{"rendered":"Es una realidad la pavimentaci\u00f3n de 1.7 kil\u00f3metros entre La Quiebra y Cruces"},"content":{"rendered":"<p style=\"text-align: justify;\">\u201cLa v\u00eda va a quedar se\u00f1alizada, con las cunetas, va a tener las los sistemas de drenaje suficiente que son las obras transversales, filtros y la carpeta de rodadura. Adem\u00e1s de eso va a tener las se\u00f1ales de tr\u00e1nsito\u201d, explic\u00f3 Joaqu\u00edn Zapata, Secretario de Infraestructura del Municipio.<\/p>\n<p style=\"text-align: justify;\">\u201cUno ve aqu\u00ed \u00a0la satisfacci\u00f3n de la comunidad, el agrado de ver toda esa maquinaria funcionando, de ver ante todo la din\u00e1mica propia de la ejecuci\u00f3n de esta obra en que se est\u00e1n invirtiendo alrededor de dos mil millones de pesos, donde se est\u00e1 haciendo ahora la etapa final de la pavimentaci\u00f3n y ya faltar\u00eda el tema de las cunetas y se\u00f1alizaci\u00f3n para poner al servicio de nuestros campesinos una v\u00eda en excelente estado para que saquen sus productos, para que lleguen m\u00e1s cerca a la cabecera municipal\u201d, expres\u00f3 el alcalde municipal para las plataformas digitales de la Provincia del Agua, los Bosques y el Turismo.<\/p>\n<p style=\"text-align: justify;\">\u00a0<img decoding=\"async\" src=\"images\/via_la_quiebra_2020.jpg\" alt=\"\" \/><\/p>\n<p style=\"text-align: justify;\">Cerca de siete kil\u00f3metros quedar\u00edan faltando para conectar totalmente con v\u00eda pavimentada al corregimiento de Santa Ana con la v\u00eda Granada \u2013 San Carlos; para ello el concejo municipal aprob\u00f3 ya un empr\u00e9stito para asfaltar otros dos kil\u00f3metros una vez finalizada esta intervenci\u00f3n.<\/p>\n<p style=\"text-align: justify;\">\u201cEsta v\u00eda solo queda de cinco metros (de amplitud) incluyendo las cunetas, as\u00ed que es una v\u00eda que hay que saberla utilizar, no es para apostar carreras ni para ver qui\u00e9n llega primero\u201d, dijo el secretario a modo de recomendaci\u00f3n para quienes se movilizan por esta zona.<\/p>\n<p style=\"text-align: justify;\">\u00a0<iframe loading=\"lazy\" style=\"border: none; overflow: hidden;\" src=\"https:\/\/www.facebook.com\/plugins\/video.php?height=314&amp;href=https%3A%2F%2Fwww.facebook.com%2FABTProvincia%2Fvideos%2F347849276305158%2F&amp;show_text=false&amp;width=560\" width=\"560\" height=\"314\" frameborder=\"0\" scrolling=\"no\" allowfullscreen=\"allowfullscreen\"><\/iframe><\/p>\n","protected":false},"excerpt":{"rendered":"<p style=\"text-align: justify;\">El pasado trece de octubre fue el d\u00eda en que para los habitantes del corredor vial La Quiebra &#8211; Santa Ana por fin se empez\u00f3 a hacer realidad el sue\u00f1o de tener una v\u00eda en mejores condiciones, pues fue en esta fecha cuando se inici\u00f3 con el vaciado de asfalto sobre mil setecientos metros de v\u00eda entre el caser\u00edo de la vereda La Quiebra y el sector de Cruces.<\/p>\n","protected":false},"author":1,"featured_media":0,"comment_status":"open","ping_status":"open","sticky":false,"template":"","format":"standard","meta":{"footnotes":""},"categories":[19],"tags":[],"class_list":["post-312","post","type-post","status-publish","format-standard","hentry","category-noticias"],"_links":{"self":[{"href":"https:\/\/www.desdegranada.com\/site\/index.php?rest_route=\/wp\/v2\/posts\/312","targetHints":{"allow":["GET"]}}],"collection":[{"href":"https:\/\/www.desdegranada.com\/site\/index.php?rest_route=\/wp\/v2\/posts"}],"about":[{"href":"https:\/\/www.desdegranada.com\/site\/index.php?rest_route=\/wp\/v2\/types\/post"}],"author":[{"embeddable":true,"href":"https:\/\/www.desdegranada.com\/site\/index.php?rest_route=\/wp\/v2\/users\/1"}],"replies":[{"embeddable":true,"href":"https:\/\/www.desdegranada.com\/site\/index.php?rest_route=%2Fwp%2Fv2%2Fcomments&post=312"}],"version-history":[{"count":0,"href":"https:\/\/www.desdegranada.com\/site\/index.php?rest_route=\/wp\/v2\/posts\/312\/revisions"}],"wp:attachment":[{"href":"https:\/\/www.desdegranada.com\/site\/index.php?rest_route=%2Fwp%2Fv2%2Fmedia&parent=312"}],"wp:term":[{"taxonomy":"category","embeddable":true,"href":"https:\/\/www.desdegranada.com\/site\/index.php?rest_route=%2Fwp%2Fv2%2Fcategories&post=312"},{"taxonomy":"post_tag","embeddable":true,"href":"https:\/\/www.desdegranada.com\/site\/index.php?rest_route=%2Fwp%2Fv2%2Ftags&post=312"}],"curies":[{"name":"wp","href":"https:\/\/api.w.org\/{rel}","templated":true}]}}