{"id":313,"date":"2020-10-28T20:33:51","date_gmt":"2020-10-28T20:33:51","guid":{"rendered":"https:\/\/www.desdegranada.com\/site\/?p=313"},"modified":"2020-10-28T20:33:51","modified_gmt":"2020-10-28T20:33:51","slug":"nuevas-especies-llegan-a-engrosar-la-coleccion-del-museo-de-ciencias-naturales-de-granada","status":"publish","type":"post","link":"https:\/\/www.desdegranada.com\/site\/?p=313","title":{"rendered":"Nuevas especies llegan a engrosar la colecci\u00f3n del museo de ciencias naturales de Granada"},"content":{"rendered":"<p style=\"text-align: justify;\">\u201cPara nosotros es una alegr\u00eda recibir esta donaci\u00f3n que se hace al museo de ciencias naturales de Granada, que tambi\u00e9n es creado por parte de esta congregaci\u00f3n en los a\u00f1os 50. Esta colecci\u00f3n consta de varias especies que ser\u00e1n para el disfrute de todos los granadinos, para ampliar el conocimiento de la fauna y la flora de nuestro territorio\u201d, expres\u00f3 Ra\u00fal Esteban Giraldo, coordinador de la casa de la cultura Ram\u00f3n Eduardo Duque.<\/p>\n<p style=\"text-align: justify;\"><img loading=\"lazy\" decoding=\"async\" src=\"images\/Nuevas_piezas_museo_1.jpg\" width=\"750\" height=\"439\" \/><\/p>\n<p style=\"text-align: justify;\">Son aproximadamente 70 animales, entre los que resaltan aves, mam\u00edferos y especies acu\u00e1ticas, adem\u00e1s de 5 vitrinas para la exhibici\u00f3n de las mismas.<\/p>\n<p style=\"text-align: justify;\">El transporte de esta nueva colecci\u00f3n de animales hasta el municipio, fue posible gracias a los aportes de la Alianza por Granada, que sumaron recursos para esta tarea.<\/p>\n<p style=\"text-align: justify;\"><img loading=\"lazy\" decoding=\"async\" src=\"images\/Nuevas_piezas_museo_2.jpg\" alt=\"\" width=\"750\" height=\"439\" \/><\/p>\n<p style=\"text-align: justify;\">De momento, las nuevas piezas se encuentran en bodega, donde ser\u00e1n sometidas a un proceso de cuarentena y de limpieza de \u00e1caros, para finalmente ser expuestas en el museo para el disfrute de la comunidad.<\/p>\n<p style=\"text-align: justify;\"><iframe loading=\"lazy\" src=\"\/\/www.youtube.com\/embed\/pPHDJIybJpk\" width=\"720\" height=\"404\" allowfullscreen=\"allowfullscreen\"><\/iframe><\/p>\n","protected":false},"excerpt":{"rendered":"<p style=\"text-align: justify;\">El museo de ciencias naturales del municipio recibi\u00f3, gracias a la Congregaci\u00f3n Hermanas Franciscanas Misioneras de Mar\u00eda Auxiliadora, una colecci\u00f3n de piezas muse\u00edsticas que entrar\u00e1 a fortalecer la exposici\u00f3n con que se cuenta actualmente.<\/p>\n","protected":false},"author":1,"featured_media":0,"comment_status":"open","ping_status":"open","sticky":false,"template":"","format":"standard","meta":{"footnotes":""},"categories":[19],"tags":[],"class_list":["post-313","post","type-post","status-publish","format-standard","hentry","category-noticias"],"_links":{"self":[{"href":"https:\/\/www.desdegranada.com\/site\/index.php?rest_route=\/wp\/v2\/posts\/313","targetHints":{"allow":["GET"]}}],"collection":[{"href":"https:\/\/www.desdegranada.com\/site\/index.php?rest_route=\/wp\/v2\/posts"}],"about":[{"href":"https:\/\/www.desdegranada.com\/site\/index.php?rest_route=\/wp\/v2\/types\/post"}],"author":[{"embeddable":true,"href":"https:\/\/www.desdegranada.com\/site\/index.php?rest_route=\/wp\/v2\/users\/1"}],"replies":[{"embeddable":true,"href":"https:\/\/www.desdegranada.com\/site\/index.php?rest_route=%2Fwp%2Fv2%2Fcomments&post=313"}],"version-history":[{"count":0,"href":"https:\/\/www.desdegranada.com\/site\/index.php?rest_route=\/wp\/v2\/posts\/313\/revisions"}],"wp:attachment":[{"href":"https:\/\/www.desdegranada.com\/site\/index.php?rest_route=%2Fwp%2Fv2%2Fmedia&parent=313"}],"wp:term":[{"taxonomy":"category","embeddable":true,"href":"https:\/\/www.desdegranada.com\/site\/index.php?rest_route=%2Fwp%2Fv2%2Fcategories&post=313"},{"taxonomy":"post_tag","embeddable":true,"href":"https:\/\/www.desdegranada.com\/site\/index.php?rest_route=%2Fwp%2Fv2%2Ftags&post=313"}],"curies":[{"name":"wp","href":"https:\/\/api.w.org\/{rel}","templated":true}]}}