{"id":316,"date":"2020-10-31T14:36:24","date_gmt":"2020-10-31T14:36:24","guid":{"rendered":"https:\/\/www.desdegranada.com\/site\/?p=316"},"modified":"2020-10-31T14:36:24","modified_gmt":"2020-10-31T14:36:24","slug":"parroquiaton-2020-este-21-de-noviembre","status":"publish","type":"post","link":"https:\/\/www.desdegranada.com\/site\/?p=316","title":{"rendered":"Parroquiat\u00f3n 2020, este 21 de noviembre"},"content":{"rendered":"<p style=\"text-align: justify;\">Vinc\u00falate con la Parroquiat\u00f3n que se realizar\u00e1 este s\u00e1bado 21 de noviembre a partir de las 8:00a.m.<\/p>\n<p style=\"text-align: justify;\">Esta actividad se realizar\u00e1 en reemplazo del Altar y feria a San Isidro, es por eso que te invitamos a que los aportes que antes hac\u00edas en especie, esta vez los hagas en dinero.<\/p>\n<p style=\"text-align: justify;\">Haz tu consignaci\u00f3n a nombre de la Parroquia Santa B\u00e1rbara, Granada en las cuentas:<\/p>\n<p style=\"text-align: justify;\"><strong><em>Bancolombia \u2013 <\/em><\/strong>Ahorros # 1009 262 9224<\/p>\n<p style=\"text-align: justify;\"><strong><em>Banco Agrario <\/em><\/strong>\u2013 Ahorros # 01380 \u2013 700405 \u2013 5<\/p>\n<p style=\"text-align: justify;\"><strong><em>Coogranada &#8211;<\/em><\/strong> # 001 \u2013 101 \u2013 0001107 &#8211; 5<\/p>\n<p style=\"text-align: justify;\"><strong><em>Creafam <\/em><\/strong>&#8211; # 04483<\/p>\n<p style=\"text-align: justify;\">\u00abTodo lo que siembras, cosechas. Todo lo que das, recibes. Todo lo que haces a los dem\u00e1s, te lo haces a ti mismo\u00bb.\u00a0<\/p>\n<p><iframe loading=\"lazy\" style=\"border: none; overflow: hidden;\" src=\"https:\/\/www.facebook.com\/plugins\/video.php?height=314&amp;href=https%3A%2F%2Fwww.facebook.com%2Fgranada.stereo%2Fvideos%2F390897802282290%2F&amp;show_text=false&amp;width=560\" width=\"560\" height=\"314\" frameborder=\"0\" scrolling=\"no\" allowfullscreen=\"allowfullscreen\"><\/iframe><\/p>\n","protected":false},"excerpt":{"rendered":"<p style=\"text-align: justify;\">La iglesia ha sido el soporte de nuestra comunidad en varios momentos dif\u00edciles de la historia de Granada y ahora es momento de que como pueblo nos sumemos para apoyar a nuestra parroquia y su equipo sacerdotal.<\/p>\n","protected":false},"author":1,"featured_media":0,"comment_status":"open","ping_status":"open","sticky":false,"template":"","format":"standard","meta":{"footnotes":""},"categories":[19],"tags":[],"class_list":["post-316","post","type-post","status-publish","format-standard","hentry","category-noticias"],"_links":{"self":[{"href":"https:\/\/www.desdegranada.com\/site\/index.php?rest_route=\/wp\/v2\/posts\/316","targetHints":{"allow":["GET"]}}],"collection":[{"href":"https:\/\/www.desdegranada.com\/site\/index.php?rest_route=\/wp\/v2\/posts"}],"about":[{"href":"https:\/\/www.desdegranada.com\/site\/index.php?rest_route=\/wp\/v2\/types\/post"}],"author":[{"embeddable":true,"href":"https:\/\/www.desdegranada.com\/site\/index.php?rest_route=\/wp\/v2\/users\/1"}],"replies":[{"embeddable":true,"href":"https:\/\/www.desdegranada.com\/site\/index.php?rest_route=%2Fwp%2Fv2%2Fcomments&post=316"}],"version-history":[{"count":0,"href":"https:\/\/www.desdegranada.com\/site\/index.php?rest_route=\/wp\/v2\/posts\/316\/revisions"}],"wp:attachment":[{"href":"https:\/\/www.desdegranada.com\/site\/index.php?rest_route=%2Fwp%2Fv2%2Fmedia&parent=316"}],"wp:term":[{"taxonomy":"category","embeddable":true,"href":"https:\/\/www.desdegranada.com\/site\/index.php?rest_route=%2Fwp%2Fv2%2Fcategories&post=316"},{"taxonomy":"post_tag","embeddable":true,"href":"https:\/\/www.desdegranada.com\/site\/index.php?rest_route=%2Fwp%2Fv2%2Ftags&post=316"}],"curies":[{"name":"wp","href":"https:\/\/api.w.org\/{rel}","templated":true}]}}