{"id":317,"date":"2020-11-07T15:52:32","date_gmt":"2020-11-07T15:52:32","guid":{"rendered":"https:\/\/www.desdegranada.com\/site\/?p=317"},"modified":"2020-11-07T15:52:32","modified_gmt":"2020-11-07T15:52:32","slug":"en-una-nueva-version-del-festival-de-la-trova-ciudad-de-medellin-pichingo-estara-compitiendo-por-el-titulo-de-rey","status":"publish","type":"post","link":"https:\/\/www.desdegranada.com\/site\/?p=317","title":{"rendered":"En una nueva versi\u00f3n del Festival de la Trova Ciudad de Medell\u00edn, \u00a0Pichingo estar\u00e1 compitiendo por el t\u00edtulo de rey"},"content":{"rendered":"<p>En este que es el festival de trova m\u00e1s importante del pa\u00eds, \u2018Pichingo\u2019 buscar\u00e1 demostrarle con sus versos a los jueces y amantes del repentismo, que sus rimas est\u00e1n entre las mejores del departamento Antioquia.<\/p>\n<p>Por quinto a\u00f1o consecutivo, el trovador granadino dice presente con sus versos en la final de dicho festival. El evento tendr\u00e1 transmisi\u00f3n por los canales Telemedell\u00edn y Teleantioquia.<\/p>\n<p>Conozca m\u00e1s acerca del trovador granadino.<\/p>\n<p><iframe loading=\"lazy\" src=\"\/\/www.youtube.com\/embed\/mh2mmRbdLlo\" width=\"720\" height=\"404\" allowfullscreen=\"allowfullscreen\"><\/iframe><\/p>\n","protected":false},"excerpt":{"rendered":"<p>Desde las 6:00p.m. de este s\u00e1bado 7 de noviembre, el trovador y humorista granadino Diego Alexander G\u00f3mez \u2018Pichingo\u2019 estar\u00e1 compitiendo nuevamente para hacerse con el t\u00edtulo de rey del Festival de la Trova Ciudad de Medell\u00edn.<\/p>\n","protected":false},"author":1,"featured_media":0,"comment_status":"open","ping_status":"open","sticky":false,"template":"","format":"standard","meta":{"footnotes":""},"categories":[19],"tags":[],"class_list":["post-317","post","type-post","status-publish","format-standard","hentry","category-noticias"],"_links":{"self":[{"href":"https:\/\/www.desdegranada.com\/site\/index.php?rest_route=\/wp\/v2\/posts\/317","targetHints":{"allow":["GET"]}}],"collection":[{"href":"https:\/\/www.desdegranada.com\/site\/index.php?rest_route=\/wp\/v2\/posts"}],"about":[{"href":"https:\/\/www.desdegranada.com\/site\/index.php?rest_route=\/wp\/v2\/types\/post"}],"author":[{"embeddable":true,"href":"https:\/\/www.desdegranada.com\/site\/index.php?rest_route=\/wp\/v2\/users\/1"}],"replies":[{"embeddable":true,"href":"https:\/\/www.desdegranada.com\/site\/index.php?rest_route=%2Fwp%2Fv2%2Fcomments&post=317"}],"version-history":[{"count":0,"href":"https:\/\/www.desdegranada.com\/site\/index.php?rest_route=\/wp\/v2\/posts\/317\/revisions"}],"wp:attachment":[{"href":"https:\/\/www.desdegranada.com\/site\/index.php?rest_route=%2Fwp%2Fv2%2Fmedia&parent=317"}],"wp:term":[{"taxonomy":"category","embeddable":true,"href":"https:\/\/www.desdegranada.com\/site\/index.php?rest_route=%2Fwp%2Fv2%2Fcategories&post=317"},{"taxonomy":"post_tag","embeddable":true,"href":"https:\/\/www.desdegranada.com\/site\/index.php?rest_route=%2Fwp%2Fv2%2Ftags&post=317"}],"curies":[{"name":"wp","href":"https:\/\/api.w.org\/{rel}","templated":true}]}}