{"id":318,"date":"2020-11-09T16:01:01","date_gmt":"2020-11-09T16:01:01","guid":{"rendered":"https:\/\/www.desdegranada.com\/site\/?p=318"},"modified":"2020-11-09T16:01:01","modified_gmt":"2020-11-09T16:01:01","slug":"las-artes-escenicas-se-toman-el-municipio-en-la-version-31-del-festival-granadino-de-teatro","status":"publish","type":"post","link":"https:\/\/www.desdegranada.com\/site\/?p=318","title":{"rendered":"Las artes esc\u00e9nicas se toman el municipio en la versi\u00f3n 31 del Festival Granadino de Teatro"},"content":{"rendered":"<p style=\"text-align: justify;\">En horas de la tarde se presentaron las dos primeras obras con actores que hacen parte de los procesos formativos de la casa de la cultura y luego, en horas de la noche, se tuvo el acto protocolario y la presentaci\u00f3n de una obra m\u00e1s con el proceso de adultos.<\/p>\n<p style=\"text-align: justify;\">En su intervenci\u00f3n en el protocolo, tanto el alcalde municipal como los coordinadores de la casa de la cultura y Mario G\u00f3mez, todo un referente cultural de Granada y fundador del festival, resaltaron el desarrollo de este evento como una manera de construir sociedad.<\/p>\n<p style=\"text-align: justify;\">\u201cEs el festival granadino de teatro una expresi\u00f3n valiente que durante estas 31 versiones ha sobrevivido en el tiempo, tambi\u00e9n es una propuesta representada en cientos de personas como organizadores y artistas que han levantado su voz diciendo que el arte es un comunicador perfecto y que expresa nuestros sentimientos y emociones de una manera pac\u00edfica y conciliadora\u201d, expres\u00f3 previo al inicio de la obra de cierre de este d\u00eda el coordinador de la casa de la cultura Ferney Giraldo.<\/p>\n<p style=\"text-align: justify;\">\u201cDesde 1985, este acto cultural de Granada hace parte de nuestro patrimonio, es muy importante que estos acontecimientos se realicen continuamente. Solamente la guerra que siempre ha sido la enemiga de la cultura y de todo nos par\u00f3 esta celebraci\u00f3n entre el 2000 y el 2002\u201d, dijo Mario, destacando adem\u00e1s la participaci\u00f3n de artistas de Espa\u00f1a, Brasil y M\u00e9xico en anteriores versiones.<\/p>\n<p style=\"text-align: justify;\"><img decoding=\"async\" src=\"images\/Teatro_2020_2.jpg\" alt=\"\" \/><\/p>\n<p style=\"text-align: justify;\">En este sentido, tanto artistas locales como nacionales, funcionarios, promotores y coordinadores de la cultura en el municipio, est\u00e1n comprometidos para que esta versi\u00f3n algo at\u00edpica del Festival Granadino de Teatro, un espacio cultural de gran importante del municipio, tenga igual o mejor calidad que otras versiones.<\/p>\n<p style=\"text-align: justify;\">El Festival Granadino de Teatro es un proyecto ganador de est\u00edmulos \u2018el poder de estar unidos 2020\u2019 del Instituto de Cultura y Patrimonio de Antioquia. Cada d\u00eda, con un aforo m\u00e1ximo de 50 personas, se estar\u00e1n desarrollando talleres de formaci\u00f3n y obras de teatro. A partir de las \u00a08:00p.m usted puede seguir la presentaci\u00f3n de las obras de teatro por el canal local Vahos Tv y sus redes sociales.<\/p>\n<p style=\"text-align: justify;\">Esta es la programaci\u00f3n.\u00a0<\/p>\n<p style=\"text-align: justify;\">\u00a0\u00a0<iframe loading=\"lazy\" style=\"border: none; overflow: hidden;\" src=\"https:\/\/www.facebook.com\/plugins\/post.php?href=https%3A%2F%2Fwww.facebook.com%2Fcasadelaculturagranadantioquia%2Fposts%2F2734677220105489&amp;show_text=true&amp;width=552&amp;height=779&amp;appId\" width=\"552\" height=\"779\" frameborder=\"0\" scrolling=\"no\"><\/iframe><\/p>\n","protected":false},"excerpt":{"rendered":"<p style=\"text-align: justify;\">Con una gran carga cultural arranc\u00f3 este domingo 8 de noviembre la trig\u00e9sima primera versi\u00f3n del Festival Granadino de Teatro, que lidera la casa de la cultura Ram\u00f3n Eduardo Duque.<\/p>\n","protected":false},"author":1,"featured_media":0,"comment_status":"open","ping_status":"open","sticky":false,"template":"","format":"standard","meta":{"footnotes":""},"categories":[19],"tags":[],"class_list":["post-318","post","type-post","status-publish","format-standard","hentry","category-noticias"],"_links":{"self":[{"href":"https:\/\/www.desdegranada.com\/site\/index.php?rest_route=\/wp\/v2\/posts\/318","targetHints":{"allow":["GET"]}}],"collection":[{"href":"https:\/\/www.desdegranada.com\/site\/index.php?rest_route=\/wp\/v2\/posts"}],"about":[{"href":"https:\/\/www.desdegranada.com\/site\/index.php?rest_route=\/wp\/v2\/types\/post"}],"author":[{"embeddable":true,"href":"https:\/\/www.desdegranada.com\/site\/index.php?rest_route=\/wp\/v2\/users\/1"}],"replies":[{"embeddable":true,"href":"https:\/\/www.desdegranada.com\/site\/index.php?rest_route=%2Fwp%2Fv2%2Fcomments&post=318"}],"version-history":[{"count":0,"href":"https:\/\/www.desdegranada.com\/site\/index.php?rest_route=\/wp\/v2\/posts\/318\/revisions"}],"wp:attachment":[{"href":"https:\/\/www.desdegranada.com\/site\/index.php?rest_route=%2Fwp%2Fv2%2Fmedia&parent=318"}],"wp:term":[{"taxonomy":"category","embeddable":true,"href":"https:\/\/www.desdegranada.com\/site\/index.php?rest_route=%2Fwp%2Fv2%2Fcategories&post=318"},{"taxonomy":"post_tag","embeddable":true,"href":"https:\/\/www.desdegranada.com\/site\/index.php?rest_route=%2Fwp%2Fv2%2Ftags&post=318"}],"curies":[{"name":"wp","href":"https:\/\/api.w.org\/{rel}","templated":true}]}}