{"id":319,"date":"2020-11-13T20:36:58","date_gmt":"2020-11-13T20:36:58","guid":{"rendered":"https:\/\/www.desdegranada.com\/site\/?p=319"},"modified":"2020-11-13T20:36:58","modified_gmt":"2020-11-13T20:36:58","slug":"bares-y-restaurantes-podran-funcionar-hasta-las-1200p-m-desde-el-14-de-noviembre","status":"publish","type":"post","link":"https:\/\/www.desdegranada.com\/site\/?p=319","title":{"rendered":"Bares y restaurantes podr\u00e1n funcionar hasta las 12:00p.m desde el 14 de noviembre"},"content":{"rendered":"<p style=\"text-align: justify;\">Y es que este viernes la alcald\u00eda anunci\u00f3 que a partir del s\u00e1bado 14 de noviembre se dar\u00e1 una nueva ampliaci\u00f3n en el horario de funcionamiento de bares y restaurantes. La raz\u00f3n: la baja afectaci\u00f3n que se ha tenido en el municipio por el virus del covid \u2013 19, por lo que la medida solo aplicar\u00e1 para los establecimientos que tengan actualizados los protocolos de bioseguridad.<\/p>\n<p style=\"text-align: justify;\">En ese sentido, bares y servicios de comidas (restaurantes y comidas r\u00e1pidas) que ven\u00edan funcionando hasta las 11: 00p.m, ahora tendr\u00e1n permiso para ofrecer sus servicios hasta las 12:00p.m.<\/p>\n<p style=\"text-align: justify;\">De esta manera, se siguen dando pasos significativos en el municipio y en todo el pa\u00eds con miras a que todas las actividades puedan desarrollarse normalmente; eso s\u00ed, teniendo las precauciones pertinentes.\u00a0<\/p>\n<p><iframe loading=\"lazy\" style=\"border: none; overflow: hidden;\" src=\"https:\/\/www.facebook.com\/plugins\/post.php?href=https%3A%2F%2Fwww.facebook.com%2Fpermalink.php%3Fstory_fbid%3D1297834840585526%26id%3D323211694714517&amp;show_text=true&amp;width=552&amp;height=691&amp;appId\" width=\"552\" height=\"691\" frameborder=\"0\" scrolling=\"no\" allowfullscreen=\"allowfullscreen\"><\/iframe><\/p>\n","protected":false},"excerpt":{"rendered":"<p style=\"text-align: justify;\">Siguen llegando buenas noticias para los comerciantes granadinos de cara a la reactivaci\u00f3n total de la din\u00e1mica econ\u00f3mica municipal.<\/p>\n","protected":false},"author":1,"featured_media":0,"comment_status":"open","ping_status":"open","sticky":false,"template":"","format":"standard","meta":{"footnotes":""},"categories":[19],"tags":[],"class_list":["post-319","post","type-post","status-publish","format-standard","hentry","category-noticias"],"_links":{"self":[{"href":"https:\/\/www.desdegranada.com\/site\/index.php?rest_route=\/wp\/v2\/posts\/319","targetHints":{"allow":["GET"]}}],"collection":[{"href":"https:\/\/www.desdegranada.com\/site\/index.php?rest_route=\/wp\/v2\/posts"}],"about":[{"href":"https:\/\/www.desdegranada.com\/site\/index.php?rest_route=\/wp\/v2\/types\/post"}],"author":[{"embeddable":true,"href":"https:\/\/www.desdegranada.com\/site\/index.php?rest_route=\/wp\/v2\/users\/1"}],"replies":[{"embeddable":true,"href":"https:\/\/www.desdegranada.com\/site\/index.php?rest_route=%2Fwp%2Fv2%2Fcomments&post=319"}],"version-history":[{"count":0,"href":"https:\/\/www.desdegranada.com\/site\/index.php?rest_route=\/wp\/v2\/posts\/319\/revisions"}],"wp:attachment":[{"href":"https:\/\/www.desdegranada.com\/site\/index.php?rest_route=%2Fwp%2Fv2%2Fmedia&parent=319"}],"wp:term":[{"taxonomy":"category","embeddable":true,"href":"https:\/\/www.desdegranada.com\/site\/index.php?rest_route=%2Fwp%2Fv2%2Fcategories&post=319"},{"taxonomy":"post_tag","embeddable":true,"href":"https:\/\/www.desdegranada.com\/site\/index.php?rest_route=%2Fwp%2Fv2%2Ftags&post=319"}],"curies":[{"name":"wp","href":"https:\/\/api.w.org\/{rel}","templated":true}]}}