{"id":320,"date":"2020-11-14T18:40:47","date_gmt":"2020-11-14T18:40:47","guid":{"rendered":"https:\/\/www.desdegranada.com\/site\/?p=320"},"modified":"2020-11-14T18:40:47","modified_gmt":"2020-11-14T18:40:47","slug":"con-la-seleccion-colombia-andina-elizabeth-castano-se-destaco-en-la-vuelta-a-colombia-femenina","status":"publish","type":"post","link":"https:\/\/www.desdegranada.com\/site\/?p=320","title":{"rendered":"\u00a0Con la Selecci\u00f3n Colombia Andina, Elizabeth Casta\u00f1o se destac\u00f3 en la Vuelta a Colombia Femenina"},"content":{"rendered":"<p style=\"text-align: justify;\">Elizabeth, quien en las cinco etapas de la competencia cumpli\u00f3 con la labor de gregaria, obtuvo un positivo balance. Su mejor etapa fue la contrarreloj individual en la que ocup\u00f3 el puesto 22; adem\u00e1s se ubic\u00f3 en la posici\u00f3n n\u00famero 3 de los sprints especiales y termin\u00f3 la vuelta en el puesto 33 de la clasificaci\u00f3n general, de un total de 136 corredoras que iniciaron la carrera.<\/p>\n<p style=\"text-align: justify;\"><img decoding=\"async\" src=\"images\/Eliza_VCF_3.jpg\" alt=\"\" \/><\/p>\n<p style=\"text-align: justify;\">Al final Casta\u00f1o Quintero se llev\u00f3 los elogios de sus propias compa\u00f1eras, quienes son m\u00e1s experimentadas en la competici\u00f3n y resaltaron el potencial que tiene para el futuro. Con su trabajo, Elizabeth aport\u00f3 para que una de sus compa\u00f1eras se consagrara como campeona de metas volantes y a otra a ser campeona de la monta\u00f1a.<\/p>\n<p style=\"text-align: justify;\"><img loading=\"lazy\" decoding=\"async\" src=\"images\/Eliza_VCF_2.jpg\" alt=\"Foto: Fedeciclismo\" width=\"750\" height=\"439\" \/><\/p>\n<p style=\"text-align: justify;\">A Elizabeth, muchas felicitaciones por seguir dejando en alto el nombre de Granada pedalazo tras pedalazo.<\/p>\n","protected":false},"excerpt":{"rendered":"<p style=\"text-align: justify;\">La pedalista granadina Elizabeth Casta\u00f1o Quintero, hizo parte de la n\u00f3mina escogida por el director t\u00e9cnico de Selecci\u00f3n Colombia Andina, Carlos Mario Jaramillo, para participar de la vuelta a Colombia femenina que tuvo lugar entre el 7 y el 11 de noviembre.<\/p>\n","protected":false},"author":1,"featured_media":0,"comment_status":"open","ping_status":"open","sticky":false,"template":"","format":"standard","meta":{"footnotes":""},"categories":[19],"tags":[],"class_list":["post-320","post","type-post","status-publish","format-standard","hentry","category-noticias"],"_links":{"self":[{"href":"https:\/\/www.desdegranada.com\/site\/index.php?rest_route=\/wp\/v2\/posts\/320","targetHints":{"allow":["GET"]}}],"collection":[{"href":"https:\/\/www.desdegranada.com\/site\/index.php?rest_route=\/wp\/v2\/posts"}],"about":[{"href":"https:\/\/www.desdegranada.com\/site\/index.php?rest_route=\/wp\/v2\/types\/post"}],"author":[{"embeddable":true,"href":"https:\/\/www.desdegranada.com\/site\/index.php?rest_route=\/wp\/v2\/users\/1"}],"replies":[{"embeddable":true,"href":"https:\/\/www.desdegranada.com\/site\/index.php?rest_route=%2Fwp%2Fv2%2Fcomments&post=320"}],"version-history":[{"count":0,"href":"https:\/\/www.desdegranada.com\/site\/index.php?rest_route=\/wp\/v2\/posts\/320\/revisions"}],"wp:attachment":[{"href":"https:\/\/www.desdegranada.com\/site\/index.php?rest_route=%2Fwp%2Fv2%2Fmedia&parent=320"}],"wp:term":[{"taxonomy":"category","embeddable":true,"href":"https:\/\/www.desdegranada.com\/site\/index.php?rest_route=%2Fwp%2Fv2%2Fcategories&post=320"},{"taxonomy":"post_tag","embeddable":true,"href":"https:\/\/www.desdegranada.com\/site\/index.php?rest_route=%2Fwp%2Fv2%2Ftags&post=320"}],"curies":[{"name":"wp","href":"https:\/\/api.w.org\/{rel}","templated":true}]}}