{"id":322,"date":"2020-11-23T17:49:43","date_gmt":"2020-11-23T17:49:43","guid":{"rendered":"https:\/\/www.desdegranada.com\/site\/?p=322"},"modified":"2020-11-23T17:49:43","modified_gmt":"2020-11-23T17:49:43","slug":"arranco-torneo-de-futbol-senior-master","status":"publish","type":"post","link":"https:\/\/www.desdegranada.com\/site\/?p=322","title":{"rendered":"Arranc\u00f3 torneo de f\u00fatbol Senior Master"},"content":{"rendered":"<p style=\"text-align: justify;\">Es as\u00ed como con la participaci\u00f3n de 8 equipos conformados por paisanos del municipio y otros residentes en la ciudad de Medell\u00edn, inici\u00f3 este domingo 22 de noviembre, en la cancha de El Carmelo, el torneo de f\u00fatbol Senior Master.<\/p>\n<p style=\"text-align: justify;\"><img loading=\"lazy\" decoding=\"async\" src=\"images\/torneo_senior_master_2.jpg\" alt=\"\" width=\"750\" height=\"439\" \/><\/p>\n<p style=\"text-align: justify;\">Entre las 9:00a.m y las 5:00p.m se desarrollaron los 4 partidos correspondientes a la primera jornada, en la que se tuvo un reconocimiento para la familia de Javier \u2018El Mono\u2019 Yepes, quien falleci\u00f3 recientemente y que en vida promovi\u00f3 e hizo parte de los diferentes encuentros deportivos que se desarrollaron en el municipio.<\/p>\n<p style=\"text-align: justify;\"><img loading=\"lazy\" decoding=\"async\" src=\"images\/torneo_senior_master_3.jpg\" alt=\"\" width=\"750\" height=\"439\" \/><\/p>\n<p style=\"text-align: justify;\">Nativos Granada, Old Boys Granada, Real Granid, Malucos Granada, Colonia Granadina, Paisas Granada, Zapatas Granada y Relojes Andr\u00e9 Granada se dar\u00e1n cita en el puente festivo del mes de enero de 2021 para disputar los encuentros correspondientes a la segunda fecha del torneo, que pretende generar un espacio de integraci\u00f3n alrededor del deporte.<\/p>\n","protected":false},"excerpt":{"rendered":"<p style=\"text-align: justify;\">El cumplimiento de los diferentes protocolos de bioseguridad para hacer frente al virus del covid-19 y el deseo de ni\u00f1os, j\u00f3venes y adultos por practicar alguna disciplina han posibilitado el retorno de la actividad deportiva a Granada.<\/p>\n","protected":false},"author":1,"featured_media":0,"comment_status":"open","ping_status":"open","sticky":false,"template":"","format":"standard","meta":{"footnotes":""},"categories":[19],"tags":[],"class_list":["post-322","post","type-post","status-publish","format-standard","hentry","category-noticias"],"_links":{"self":[{"href":"https:\/\/www.desdegranada.com\/site\/index.php?rest_route=\/wp\/v2\/posts\/322","targetHints":{"allow":["GET"]}}],"collection":[{"href":"https:\/\/www.desdegranada.com\/site\/index.php?rest_route=\/wp\/v2\/posts"}],"about":[{"href":"https:\/\/www.desdegranada.com\/site\/index.php?rest_route=\/wp\/v2\/types\/post"}],"author":[{"embeddable":true,"href":"https:\/\/www.desdegranada.com\/site\/index.php?rest_route=\/wp\/v2\/users\/1"}],"replies":[{"embeddable":true,"href":"https:\/\/www.desdegranada.com\/site\/index.php?rest_route=%2Fwp%2Fv2%2Fcomments&post=322"}],"version-history":[{"count":0,"href":"https:\/\/www.desdegranada.com\/site\/index.php?rest_route=\/wp\/v2\/posts\/322\/revisions"}],"wp:attachment":[{"href":"https:\/\/www.desdegranada.com\/site\/index.php?rest_route=%2Fwp%2Fv2%2Fmedia&parent=322"}],"wp:term":[{"taxonomy":"category","embeddable":true,"href":"https:\/\/www.desdegranada.com\/site\/index.php?rest_route=%2Fwp%2Fv2%2Fcategories&post=322"},{"taxonomy":"post_tag","embeddable":true,"href":"https:\/\/www.desdegranada.com\/site\/index.php?rest_route=%2Fwp%2Fv2%2Ftags&post=322"}],"curies":[{"name":"wp","href":"https:\/\/api.w.org\/{rel}","templated":true}]}}