{"id":323,"date":"2020-11-23T22:56:45","date_gmt":"2020-11-23T22:56:45","guid":{"rendered":"https:\/\/www.desdegranada.com\/site\/?p=323"},"modified":"2020-11-23T22:56:45","modified_gmt":"2020-11-23T22:56:45","slug":"parroquiaton-supero-los-50-millones-de-pesos","status":"publish","type":"post","link":"https:\/\/www.desdegranada.com\/site\/?p=323","title":{"rendered":"Parroquiat\u00f3n super\u00f3 los 50 millones de pesos"},"content":{"rendered":"<p style=\"text-align: justify;\">A lo largo del d\u00eda, se tuvo la intervenci\u00f3n musical de varios artistas de la localidad. Adem\u00e1s, se mostr\u00f3 en vivo y en directo el desarrollo de una pintura de los sagrados corazones de Jes\u00fas y Mar\u00eda, una obra donada por el artista pl\u00e1stico Manuel Vanegas y que al final fue subastada en 2 millones 300 mil pesos.<\/p>\n<p style=\"text-align: justify;\">Culminado el evento hacia las 8:30p.m, con alegr\u00eda, el p\u00e1rroco Sergio Augusto Botero dio a conocer las cifras, que una vez m\u00e1s son evidencia del esp\u00edritu solidario del granadino. \u00a047 millones de pesos, sumaron el total de las donaciones, aunque posteriormente hubo m\u00e1s aportes, lo que permiti\u00f3 superar los 50 millones de pesos.<\/p>\n<p style=\"text-align: justify;\"><img decoding=\"async\" src=\"images\/Parroquiatn_PORTADA.jpg\" alt=\"\" \/><\/p>\n<p style=\"text-align: justify;\">\u201cNos sorprendieron con la participaci\u00f3n, con el cari\u00f1o que han mostrado siempre por la parroquia y la verdad eso fue una bendici\u00f3n de Dios. Que Dios les pague, que Dios les bendiga y que el Se\u00f1or les multiplique mucho m\u00e1s sus bienes espirituales y materiales\u201d, fueron las palabras del p\u00e1rroco, en nombre de todo el equipo sacerdotal, expres\u00f3 su agradecimiento para con la comunidad.<\/p>\n<p style=\"text-align: justify;\">En una jornada de 12 horas de duraci\u00f3n, los granadinos y las instituciones hicieron sus aportes en dinero a la medida de sus capacidades para fortalecer financieramente a la parroquia y apoyar de esta manera su labor pastoral y de evangelizaci\u00f3n en el municipio.<\/p>\n<p style=\"text-align: justify;\"><iframe loading=\"lazy\" src=\"\/\/www.youtube.com\/embed\/dGZ99yH1Lu8\" width=\"720\" height=\"404\" allowfullscreen=\"allowfullscreen\"><\/iframe><\/p>\n","protected":false},"excerpt":{"rendered":"<p style=\"text-align: justify;\">Los granadinos mostraron su cari\u00f1o y sentido de pertenencia con la parroquia Santa B\u00e1rbara en la #Parroquiat\u00f3n que tuvo lugar el s\u00e1bado 21 de noviembre.<\/p>\n","protected":false},"author":1,"featured_media":0,"comment_status":"open","ping_status":"open","sticky":false,"template":"","format":"standard","meta":{"footnotes":""},"categories":[19],"tags":[],"class_list":["post-323","post","type-post","status-publish","format-standard","hentry","category-noticias"],"_links":{"self":[{"href":"https:\/\/www.desdegranada.com\/site\/index.php?rest_route=\/wp\/v2\/posts\/323","targetHints":{"allow":["GET"]}}],"collection":[{"href":"https:\/\/www.desdegranada.com\/site\/index.php?rest_route=\/wp\/v2\/posts"}],"about":[{"href":"https:\/\/www.desdegranada.com\/site\/index.php?rest_route=\/wp\/v2\/types\/post"}],"author":[{"embeddable":true,"href":"https:\/\/www.desdegranada.com\/site\/index.php?rest_route=\/wp\/v2\/users\/1"}],"replies":[{"embeddable":true,"href":"https:\/\/www.desdegranada.com\/site\/index.php?rest_route=%2Fwp%2Fv2%2Fcomments&post=323"}],"version-history":[{"count":0,"href":"https:\/\/www.desdegranada.com\/site\/index.php?rest_route=\/wp\/v2\/posts\/323\/revisions"}],"wp:attachment":[{"href":"https:\/\/www.desdegranada.com\/site\/index.php?rest_route=%2Fwp%2Fv2%2Fmedia&parent=323"}],"wp:term":[{"taxonomy":"category","embeddable":true,"href":"https:\/\/www.desdegranada.com\/site\/index.php?rest_route=%2Fwp%2Fv2%2Fcategories&post=323"},{"taxonomy":"post_tag","embeddable":true,"href":"https:\/\/www.desdegranada.com\/site\/index.php?rest_route=%2Fwp%2Fv2%2Ftags&post=323"}],"curies":[{"name":"wp","href":"https:\/\/api.w.org\/{rel}","templated":true}]}}