{"id":324,"date":"2020-11-27T22:25:56","date_gmt":"2020-11-27T22:25:56","guid":{"rendered":"https:\/\/www.desdegranada.com\/site\/?p=324"},"modified":"2020-11-27T22:25:56","modified_gmt":"2020-11-27T22:25:56","slug":"a-finales-de-diciembre-se-estarian-entregando-obras-de-la-via-la-quiebra-cruces","status":"publish","type":"post","link":"https:\/\/www.desdegranada.com\/site\/?p=324","title":{"rendered":"A finales de diciembre se estar\u00edan entregando obras de la v\u00eda La Quiebra \u2013 Cruces"},"content":{"rendered":"<p style=\"text-align: justify;\"><img loading=\"lazy\" decoding=\"async\" src=\"images\/La_Quiebra_va_1.jpg\" alt=\"\" width=\"750\" height=\"439\" \/><\/p>\n<p style=\"text-align: justify;\">Y es que luego de la reuni\u00f3n que el pasado 18 de septiembre sostuvo la comunidad con el director de la provincia Jeison Valderrama y el concejo municipal, y donde se expresaron las inconformidades de los pobladores de este sector frente al lento avance de los trabajos, se empez\u00f3 a ver mayor agilidad en el desarrollo de las obras.<\/p>\n<p style=\"text-align: justify;\"><img loading=\"lazy\" decoding=\"async\" src=\"images\/La_Quiebra_va_2.jpg\" alt=\"\" width=\"750\" height=\"439\" \/><\/p>\n<p style=\"text-align: justify;\">En este momento, el avance es de entre un 90 y un 95% aproximadamente, restando solamente la construcci\u00f3n de cunetas y la se\u00f1alizaci\u00f3n del tramo de v\u00eda intervenido.<\/p>\n<p style=\"text-align: justify;\"><iframe loading=\"lazy\" src=\"\/\/www.youtube.com\/embed\/OMM0w_maA0g\" width=\"720\" height=\"404\" allowfullscreen=\"allowfullscreen\"><\/iframe><\/p>\n","protected":false},"excerpt":{"rendered":"<p style=\"text-align: justify;\">Un significativo avance se evidencia en la ejecuci\u00f3n de las obras de asfaltado sobre los 1.7 kil\u00f3metros de v\u00eda entre la vereda La Quiebra y el sector conocido como Cruces, que se espera se est\u00e9 inaugurando a finales del mes de diciembre.<\/p>\n","protected":false},"author":1,"featured_media":0,"comment_status":"open","ping_status":"open","sticky":false,"template":"","format":"standard","meta":{"footnotes":""},"categories":[19],"tags":[],"class_list":["post-324","post","type-post","status-publish","format-standard","hentry","category-noticias"],"_links":{"self":[{"href":"https:\/\/www.desdegranada.com\/site\/index.php?rest_route=\/wp\/v2\/posts\/324","targetHints":{"allow":["GET"]}}],"collection":[{"href":"https:\/\/www.desdegranada.com\/site\/index.php?rest_route=\/wp\/v2\/posts"}],"about":[{"href":"https:\/\/www.desdegranada.com\/site\/index.php?rest_route=\/wp\/v2\/types\/post"}],"author":[{"embeddable":true,"href":"https:\/\/www.desdegranada.com\/site\/index.php?rest_route=\/wp\/v2\/users\/1"}],"replies":[{"embeddable":true,"href":"https:\/\/www.desdegranada.com\/site\/index.php?rest_route=%2Fwp%2Fv2%2Fcomments&post=324"}],"version-history":[{"count":0,"href":"https:\/\/www.desdegranada.com\/site\/index.php?rest_route=\/wp\/v2\/posts\/324\/revisions"}],"wp:attachment":[{"href":"https:\/\/www.desdegranada.com\/site\/index.php?rest_route=%2Fwp%2Fv2%2Fmedia&parent=324"}],"wp:term":[{"taxonomy":"category","embeddable":true,"href":"https:\/\/www.desdegranada.com\/site\/index.php?rest_route=%2Fwp%2Fv2%2Fcategories&post=324"},{"taxonomy":"post_tag","embeddable":true,"href":"https:\/\/www.desdegranada.com\/site\/index.php?rest_route=%2Fwp%2Fv2%2Ftags&post=324"}],"curies":[{"name":"wp","href":"https:\/\/api.w.org\/{rel}","templated":true}]}}