{"id":325,"date":"2020-12-12T20:14:32","date_gmt":"2020-12-12T20:14:32","guid":{"rendered":"https:\/\/www.desdegranada.com\/site\/?p=325"},"modified":"2020-12-12T20:14:32","modified_gmt":"2020-12-12T20:14:32","slug":"estudiantes-de-inejago-superaron-retos-academicos-ademas-de-dificultades-por-la-pandemia-y-se-proclamaron-bachilleres","status":"publish","type":"post","link":"https:\/\/www.desdegranada.com\/site\/?p=325","title":{"rendered":"Estudiantes de INEJAGO superaron retos acad\u00e9micos adem\u00e1s de dificultades por la pandemia y se proclamaron bachilleres"},"content":{"rendered":"<p>En ese sentido, en el campo educativo, la virtualidad y los medios de comunicaci\u00f3n se convirtieron en los aliados de estudiantes y docentes de INEJAGO para poder cumplir con sus actividades acad\u00e9micas.<\/p>\n<p>Enfrentarse a la falta de acompa\u00f1amiento presencial del docente y a veces tambi\u00e9n la falta de concentraci\u00f3n, sumado a las dificultades de conectividad, son algunos de los retos que pudieron enfrentar los estudiantes, pero finalmente llegaron a la meta y en el transcurso de la \u00faltima semana, se celebraron los actos de graduaci\u00f3n.<\/p>\n<p>Este viernes 11 de diciembre, 110 j\u00f3venes del grado once recibieron su diploma de bachilleres en una ceremonia tan at\u00edpica y diferente como este 2020, pues tan solo ellos, los directivos y unos cuantos docentes e invitados pudieron participar. Eso s\u00ed, la satisfacci\u00f3n de alcanzar el objetivo la celebraron con sus familias y amigos a trav\u00e9s de la televisi\u00f3n y las redes sociales.<\/p>\n<p>91 estudiantes, 86 de ellos de la zona urbana y 5 de la zona rural que son parte de las sedes de Santa Ana, Los Medios y Las Faldas, a cargo de la instituci\u00f3n, tambi\u00e9n celebraron el lunes 7 de diciembre su paso del grado quinto al sexto con la ceremonia de clausura que es habitual cada a\u00f1o en la Instituci\u00f3n Educativa Jorge Alberto G\u00f3mez.<\/p>\n<p>Es de resaltar tambi\u00e9n, adem\u00e1s del objetivo alcanzado por los estudiantes, el papel de los directivos y docentes, quienes siempre buscaron los medios para llegar a sus estudiantes y estar en contacto con ellos, para ayudarlos a cumplir con sus obligaciones acad\u00e9micas a lo largo del a\u00f1o lectivo.<\/p>\n","protected":false},"excerpt":{"rendered":"<p>En un a\u00f1o marcado por la pandemia global del covid-19, la mayor\u00eda de actividades que no eran vitales, debieron ser suspendidas o buscar otras alternativas para su desarrollo, apuntando a mantener controlada la propagaci\u00f3n del virus<\/p>\n","protected":false},"author":1,"featured_media":0,"comment_status":"open","ping_status":"open","sticky":false,"template":"","format":"standard","meta":{"footnotes":""},"categories":[19],"tags":[],"class_list":["post-325","post","type-post","status-publish","format-standard","hentry","category-noticias"],"_links":{"self":[{"href":"https:\/\/www.desdegranada.com\/site\/index.php?rest_route=\/wp\/v2\/posts\/325","targetHints":{"allow":["GET"]}}],"collection":[{"href":"https:\/\/www.desdegranada.com\/site\/index.php?rest_route=\/wp\/v2\/posts"}],"about":[{"href":"https:\/\/www.desdegranada.com\/site\/index.php?rest_route=\/wp\/v2\/types\/post"}],"author":[{"embeddable":true,"href":"https:\/\/www.desdegranada.com\/site\/index.php?rest_route=\/wp\/v2\/users\/1"}],"replies":[{"embeddable":true,"href":"https:\/\/www.desdegranada.com\/site\/index.php?rest_route=%2Fwp%2Fv2%2Fcomments&post=325"}],"version-history":[{"count":0,"href":"https:\/\/www.desdegranada.com\/site\/index.php?rest_route=\/wp\/v2\/posts\/325\/revisions"}],"wp:attachment":[{"href":"https:\/\/www.desdegranada.com\/site\/index.php?rest_route=%2Fwp%2Fv2%2Fmedia&parent=325"}],"wp:term":[{"taxonomy":"category","embeddable":true,"href":"https:\/\/www.desdegranada.com\/site\/index.php?rest_route=%2Fwp%2Fv2%2Fcategories&post=325"},{"taxonomy":"post_tag","embeddable":true,"href":"https:\/\/www.desdegranada.com\/site\/index.php?rest_route=%2Fwp%2Fv2%2Ftags&post=325"}],"curies":[{"name":"wp","href":"https:\/\/api.w.org\/{rel}","templated":true}]}}