{"id":326,"date":"2020-12-17T22:09:06","date_gmt":"2020-12-17T22:09:06","guid":{"rendered":"https:\/\/www.desdegranada.com\/site\/?p=326"},"modified":"2020-12-17T22:09:06","modified_gmt":"2020-12-17T22:09:06","slug":"alianza-por-granada-celebra-la-navidad-con-las-familias-del-municipio","status":"publish","type":"post","link":"https:\/\/www.desdegranada.com\/site\/?p=326","title":{"rendered":"Alianza por Granada celebra la navidad con las familias del municipio"},"content":{"rendered":"<p style=\"text-align: justify;\">Mediante la propuesta MONAF\u00c1 -Movimiento Navide\u00f1o Familiar-, construida de manera conjunta desde la Alianza por Granada y los l\u00edderes veredales y sectoriales, se le est\u00e1 apostando durante esta \u00e9poca decembrina a la integraci\u00f3n familiar y comunitaria, dado que por la emergencia sanitaria ocasionada por el covid-19 no se est\u00e1 celebrando en el municipio otros movimientos navide\u00f1os como la MONA\u00cdN y la MONAJ\u00da.<\/p>\n<p style=\"text-align: justify;\">\u201cSe van a realizar tanto en veredas como sectores, actividades culturales y tambi\u00e9n las tradicionales novenas. Un encuentro m\u00e1s familiar\u201d, explica Marilin Ca\u00f1ola, representante de la Alianza por Granada<\/p>\n<p style=\"text-align: justify;\">En la zona rural se dio inicio a este ejercicio el lunes 14 de diciembre, mientras que en los sectores se empez\u00f3 el martes 15.<\/p>\n<p style=\"text-align: justify;\">Luego de los primeros d\u00edas de los encuentros navide\u00f1os, el balance es muy positivo, dado que\u00a0\u00abla gente ha comprendido que no se puede, por las condiciones sanitarias, hacer eventos de manera tan masiva pero que no han dejado de ser especiales los acompa\u00f1amientos y el aporte que se hace desde la Alianza por Granada\u201d, argumentaron desde la organizaci\u00f3n.<\/p>\n<p style=\"text-align: justify;\"><strong><em>Las visitas est\u00e1n programadas de la siguiente manera<\/em><\/strong>:<\/p>\n<p style=\"text-align: justify;\">Viernes 18 de diciembre: El Morro, La Merced, La Linda, Los Medios, La Aguada, La Gaviota y La Quiebra.<\/p>\n<p style=\"text-align: justify;\">Domingo 20 de diciembre: Corregimiento de Santa Ana con sus trece veredas.<\/p>\n<p style=\"text-align: justify;\"><img decoding=\"async\" src=\"images\/Navidad_comunitaria_2020.jpg\" alt=\"\" \/><\/p>\n<p style=\"text-align: justify;\">Viernes 18: Lourdes y La Esperanza.<\/p>\n<p style=\"text-align: justify;\">S\u00e1bado 19: La Mar\u00eda y San Roque.<\/p>\n<p style=\"text-align: justify;\">Lunes 21: San Pablo y Divino Ni\u00f1o<\/p>\n<p style=\"text-align: justify;\">Martes 22: El Carmen y La Asunci\u00f3n.<\/p>\n<p style=\"text-align: justify;\">Mi\u00e9rcoles 23: San Jos\u00e9, Las Vegas y Sagrado Coraz\u00f3n.<\/p>\n<p style=\"text-align: justify;\">Invitamos a los habitantes tanto de la zona urbana y rural a programarse con el desarrollo de estos encuentros y vivir la navidad de una manera diferente.<\/p>\n<p>\u00a0<\/p>\n<p>\u00a0<\/p>\n<p>\u00a0<\/p>\n","protected":false},"excerpt":{"rendered":"<p style=\"text-align: justify;\">La navidad comunitaria que en Granada tuvo su inicio el pasado 7 de diciembre con el encendido de los alumbrados, ya se vive en las veredas y sectores del municipio.<\/p>\n","protected":false},"author":1,"featured_media":0,"comment_status":"open","ping_status":"open","sticky":false,"template":"","format":"standard","meta":{"footnotes":""},"categories":[19],"tags":[],"class_list":["post-326","post","type-post","status-publish","format-standard","hentry","category-noticias"],"_links":{"self":[{"href":"https:\/\/www.desdegranada.com\/site\/index.php?rest_route=\/wp\/v2\/posts\/326","targetHints":{"allow":["GET"]}}],"collection":[{"href":"https:\/\/www.desdegranada.com\/site\/index.php?rest_route=\/wp\/v2\/posts"}],"about":[{"href":"https:\/\/www.desdegranada.com\/site\/index.php?rest_route=\/wp\/v2\/types\/post"}],"author":[{"embeddable":true,"href":"https:\/\/www.desdegranada.com\/site\/index.php?rest_route=\/wp\/v2\/users\/1"}],"replies":[{"embeddable":true,"href":"https:\/\/www.desdegranada.com\/site\/index.php?rest_route=%2Fwp%2Fv2%2Fcomments&post=326"}],"version-history":[{"count":0,"href":"https:\/\/www.desdegranada.com\/site\/index.php?rest_route=\/wp\/v2\/posts\/326\/revisions"}],"wp:attachment":[{"href":"https:\/\/www.desdegranada.com\/site\/index.php?rest_route=%2Fwp%2Fv2%2Fmedia&parent=326"}],"wp:term":[{"taxonomy":"category","embeddable":true,"href":"https:\/\/www.desdegranada.com\/site\/index.php?rest_route=%2Fwp%2Fv2%2Fcategories&post=326"},{"taxonomy":"post_tag","embeddable":true,"href":"https:\/\/www.desdegranada.com\/site\/index.php?rest_route=%2Fwp%2Fv2%2Ftags&post=326"}],"curies":[{"name":"wp","href":"https:\/\/api.w.org\/{rel}","templated":true}]}}