{"id":327,"date":"2020-12-23T22:22:04","date_gmt":"2020-12-23T22:22:04","guid":{"rendered":"https:\/\/www.desdegranada.com\/site\/?p=327"},"modified":"2020-12-23T22:22:04","modified_gmt":"2020-12-23T22:22:04","slug":"conozca-los-horarios-en-los-que-prestara-el-servicio-flota-granada-durante-el-toque-de-queda","status":"publish","type":"post","link":"https:\/\/www.desdegranada.com\/site\/?p=327","title":{"rendered":"Conozca los horarios en los que prestar\u00e1 el servicio flota Granada durante el toque de queda."},"content":{"rendered":"<p style=\"text-align: justify;\">Por tal motivo la flota granada reducir\u00e1 sus horarios as\u00ed:<\/p>\n<p style=\"text-align: justify;\">El 24 de diciembre el \u00faltimo bus que saldr\u00e1 de Granada hacia Medell\u00edn ser\u00e1 a las 4:00p.m y de Medell\u00edn a el municipio a las 6:45p.m.<\/p>\n<p style=\"text-align: justify;\">El 25 de diciembre no se prestar\u00e1 servicio, retomando el d\u00eda s\u00e1bado 26 de diciembre a las 5:00 a.m<\/p>\n<p style=\"text-align: justify;\">Con esta medida se pretende evitar m\u00e1s casos de covid 19 y evitar el colapso de las camas uci en el departamento.<\/p>\n","protected":false},"excerpt":{"rendered":"<p style=\"text-align: justify;\">Flota Granada se acoge a la medida de toque de queda decretado por la gobernaci\u00f3n de Antioquia para el fin de a\u00f1o, que empieza a regir desde el 24 diciembre a las ocho de la noche, hasta el 26 de diciembre a las seis de la ma\u00f1ana.<\/p>\n","protected":false},"author":1,"featured_media":0,"comment_status":"open","ping_status":"open","sticky":false,"template":"","format":"standard","meta":{"footnotes":""},"categories":[19],"tags":[],"class_list":["post-327","post","type-post","status-publish","format-standard","hentry","category-noticias"],"_links":{"self":[{"href":"https:\/\/www.desdegranada.com\/site\/index.php?rest_route=\/wp\/v2\/posts\/327","targetHints":{"allow":["GET"]}}],"collection":[{"href":"https:\/\/www.desdegranada.com\/site\/index.php?rest_route=\/wp\/v2\/posts"}],"about":[{"href":"https:\/\/www.desdegranada.com\/site\/index.php?rest_route=\/wp\/v2\/types\/post"}],"author":[{"embeddable":true,"href":"https:\/\/www.desdegranada.com\/site\/index.php?rest_route=\/wp\/v2\/users\/1"}],"replies":[{"embeddable":true,"href":"https:\/\/www.desdegranada.com\/site\/index.php?rest_route=%2Fwp%2Fv2%2Fcomments&post=327"}],"version-history":[{"count":0,"href":"https:\/\/www.desdegranada.com\/site\/index.php?rest_route=\/wp\/v2\/posts\/327\/revisions"}],"wp:attachment":[{"href":"https:\/\/www.desdegranada.com\/site\/index.php?rest_route=%2Fwp%2Fv2%2Fmedia&parent=327"}],"wp:term":[{"taxonomy":"category","embeddable":true,"href":"https:\/\/www.desdegranada.com\/site\/index.php?rest_route=%2Fwp%2Fv2%2Fcategories&post=327"},{"taxonomy":"post_tag","embeddable":true,"href":"https:\/\/www.desdegranada.com\/site\/index.php?rest_route=%2Fwp%2Fv2%2Ftags&post=327"}],"curies":[{"name":"wp","href":"https:\/\/api.w.org\/{rel}","templated":true}]}}