{"id":328,"date":"2020-12-28T20:34:11","date_gmt":"2020-12-28T20:34:11","guid":{"rendered":"https:\/\/www.desdegranada.com\/site\/?p=328"},"modified":"2020-12-28T20:34:11","modified_gmt":"2020-12-28T20:34:11","slug":"noticias-importantes-para-granada-en-el-tema-de-vivienda","status":"publish","type":"post","link":"https:\/\/www.desdegranada.com\/site\/?p=328","title":{"rendered":"Noticias importantes para Granada en el tema de vivienda"},"content":{"rendered":"<p style=\"text-align: justify;\">A trav\u00e9s de sus redes sociales, el alcalde expres\u00f3 su alegr\u00eda tras esta importante firma \u201choy firmamos con la Empresa Antioque\u00f1a de Vivienda &#8211; Viva y Gobernaci\u00f3n de Antioquia, dos convenios: uno para construcci\u00f3n y otro para mejoramiento de condiciones de habitabilidad. Seguiremos trabajando para brindar vivienda digna a nuestra poblaci\u00f3n m\u00e1s vulnerable\u201d.<\/p>\n<p style=\"text-align: justify;\">En lo que el convenio de mejoramiento de viviendas rurales se refiere, el valor estimado del proyecto es cercano a los 93 millones de peso, mientras que para el proyecto de construcci\u00f3n de las viviendas nuevas, el aporte de VIVA ser\u00e1 en especie, disponiendo de los profesionales que apoyar\u00e1n la correcta formulaci\u00f3n y estructuraci\u00f3n del proyecto.<\/p>\n","protected":false},"excerpt":{"rendered":"<p style=\"text-align: justify;\">Este lunes lleg\u00f3 con buenas noticias para Granada en el tema de vivienda luego de que el mandatario municipal Freddy Casta\u00f1o Aristiz\u00e1bal firmara con la empresa de vivienda de Antioquia VIVA dos convenios, uno de ellos para el mejoramiento de hasta diez viviendas de la zona rural, y el segundo para la construcci\u00f3n de hasta 40 viviendas en la zona urbana.<\/p>\n","protected":false},"author":1,"featured_media":0,"comment_status":"open","ping_status":"open","sticky":false,"template":"","format":"standard","meta":{"footnotes":""},"categories":[19],"tags":[],"class_list":["post-328","post","type-post","status-publish","format-standard","hentry","category-noticias"],"_links":{"self":[{"href":"https:\/\/www.desdegranada.com\/site\/index.php?rest_route=\/wp\/v2\/posts\/328","targetHints":{"allow":["GET"]}}],"collection":[{"href":"https:\/\/www.desdegranada.com\/site\/index.php?rest_route=\/wp\/v2\/posts"}],"about":[{"href":"https:\/\/www.desdegranada.com\/site\/index.php?rest_route=\/wp\/v2\/types\/post"}],"author":[{"embeddable":true,"href":"https:\/\/www.desdegranada.com\/site\/index.php?rest_route=\/wp\/v2\/users\/1"}],"replies":[{"embeddable":true,"href":"https:\/\/www.desdegranada.com\/site\/index.php?rest_route=%2Fwp%2Fv2%2Fcomments&post=328"}],"version-history":[{"count":0,"href":"https:\/\/www.desdegranada.com\/site\/index.php?rest_route=\/wp\/v2\/posts\/328\/revisions"}],"wp:attachment":[{"href":"https:\/\/www.desdegranada.com\/site\/index.php?rest_route=%2Fwp%2Fv2%2Fmedia&parent=328"}],"wp:term":[{"taxonomy":"category","embeddable":true,"href":"https:\/\/www.desdegranada.com\/site\/index.php?rest_route=%2Fwp%2Fv2%2Fcategories&post=328"},{"taxonomy":"post_tag","embeddable":true,"href":"https:\/\/www.desdegranada.com\/site\/index.php?rest_route=%2Fwp%2Fv2%2Ftags&post=328"}],"curies":[{"name":"wp","href":"https:\/\/api.w.org\/{rel}","templated":true}]}}