{"id":329,"date":"2020-12-31T13:14:19","date_gmt":"2020-12-31T13:14:19","guid":{"rendered":"https:\/\/www.desdegranada.com\/site\/?p=329"},"modified":"2020-12-31T13:14:19","modified_gmt":"2020-12-31T13:14:19","slug":"los-ninos-quelemos-la-paz","status":"publish","type":"post","link":"https:\/\/www.desdegranada.com\/site\/?p=329","title":{"rendered":"\u201cLos ni\u00f1os quelemos la paz\u201d"},"content":{"rendered":"<p style=\"text-align: justify;\">Este desfile terminar\u00eda su recorrido en el parque de la Vida, donde se dar\u00eda cierre a los eventos para recordar y hacerle memoria a las v\u00edctimas de la toma guerrillera, hecha por Las Farc en el municipio de Granada, Antioquia, los d\u00edas 6 y 7 de diciembre del a\u00f1o 2000. Tambi\u00e9n en la ma\u00f1ana hubo una eucarist\u00eda y la presentaci\u00f3n de un documental por el mismo motivo.<\/p>\n<p style=\"text-align: justify;\">Afuera, a un costado de la iglesia, sobre el and\u00e9n, ten\u00edan listos veinte cirios representando los 15 civiles y 5 agentes de la polic\u00eda ca\u00eddas en medio de esta toma. Y diagonal, en la mitad de la calle, se encontraban algunos familiares y amigos a la espera de la autorizaci\u00f3n para tomar estos cirios y entrar a la iglesia para as\u00ed empezar el homenaje a sus amigos, compa\u00f1eros y seres queridos.<\/p>\n<p style=\"text-align: justify;\">A las 10:00 de la ma\u00f1ana, en fila india, uno a uno atravesaron el atrio y fueron ingresando hacia el interior del templo los que cargaban las gruesas velas donde ten\u00edan adherido el nombre de cada v\u00edctima. La iglesia estaba con el aforo autorizado desde muy temprano y ya nadie m\u00e1s pod\u00eda ingresar a su interior.<\/p>\n<p style=\"text-align: justify;\"><img loading=\"lazy\" decoding=\"async\" src=\"images\/Conmemoracin_20_aos_1.jpg\" width=\"750\" height=\"439\" \/><\/p>\n<p style=\"text-align: justify;\">\u201cVeinte hijos de esta comunidad est\u00e1n representados aqu\u00ed\u201d, dijo el sacerdote en la homil\u00eda refiri\u00e9ndose a las personas sacrificadas en ese diciembre del a\u00f1o 2000. \u201cLos desmovilizados est\u00e1n dispuestos a pedir perd\u00f3n\u201d, tambi\u00e9n expres\u00f3 Nora Ossa en su intervenci\u00f3n, cuando se par\u00f3 al pie del atril a expresar algunas palabras de esperanza por la paz, el perd\u00f3n y la reconciliaci\u00f3n; pues ella termin\u00f3 diciendo: \u201cEllos \u2500los desmovilizados\u2500 quieren abrazar a la comunidad y que la comunidad los abrace\u201d, refiri\u00e9ndose a frases de un comunicado de 14 p\u00e1ginas que los ex guerrilleros le hab\u00edan hecho llegar.<\/p>\n<p style=\"text-align: justify;\">Mientras yo escuchaba estas intervenciones desde la puerta del templo, un agente de polic\u00eda que vino a acompa\u00f1ar la comitiva que asisti\u00f3 a hacerle memoria a sus cinco compa\u00f1eros, y que se encontraba a mi lado, me dijo:<\/p>\n<p style=\"text-align: justify;\">\u2014Lo invito, ahora que termine la misa, a que nos acompa\u00f1e a ver el documental \u201cGranada, relato de un perd\u00f3n\u201d, que la instituci\u00f3n va a presentar all\u00ed \u2014y me se\u00f1al\u00f3 la Casa de la cultura.<\/p>\n<p style=\"text-align: justify;\">Acept\u00e9 la invitaci\u00f3n.<\/p>\n<p style=\"text-align: justify;\"><iframe loading=\"lazy\" src=\"\/\/www.youtube.com\/embed\/YbUXfZa2WvE\" width=\"560\" height=\"314\" allowfullscreen=\"allowfullscreen\"><\/iframe><\/p>\n<p style=\"text-align: justify;\">\u00a0<\/p>\n<p style=\"text-align: justify;\">Antes de empezar a rodar la cinta, la Coronel Alba Patricia Lanceros Silva, en representaci\u00f3n de la polic\u00eda nacional, se dirigi\u00f3 al p\u00fablico, rogando por el perd\u00f3n, dijo: \u201cEl que perdona se libra de muchas cargas, se cura de muchas enfermedades\u201d. La misma era la actitud de varios familiares de v\u00edctimas civiles. Una de ellas, Gloria Quintero, presente en homenaje a su hermano, me pidi\u00f3: \u201cNo hablemos m\u00e1s de que somos v\u00edctimas y menos con odio porque qu\u00e9 le vamos a dejar a nuestros hijos\u201d.\u00a0\u00a0<\/p>\n<p style=\"text-align: justify;\">El desfile de alumbramiento<\/p>\n<p style=\"text-align: justify;\">Igual que en el evento de la ma\u00f1ana, la comunidad se congreg\u00f3 al pie del atrio de la iglesia parroquial, listos con su vela para encenderla en el momento en que dieran la orden de partir. All\u00ed, la se\u00f1ora Quintero, Gloria Ramirez y dem\u00e1s colaboradores en el desarrollo de la programaci\u00f3n, empezaron a organizar a las personas y a los representantes de las diferentes instituciones del municipio, para que este desfile se hiciera en orden y como estaba planeado. Hasta un perrito callejero quer\u00eda participar, pues merodeaba inquieto en medio de los presentes.<\/p>\n<p style=\"text-align: justify;\">A las 6:30 de la tarde dieron los primeros pasos por el centro de la calle cuatro ni\u00f1os que portaban un cartel que rezaba: \u201cLos ni\u00f1os y las ni\u00f1as queremos como herencia la paz\u201d. Y, por cada costado de la v\u00eda, a paso lento, muy lento, caminaban con la vela encendida, cada uno de los integrantes.<\/p>\n<p style=\"text-align: justify;\">A la altura del sitio donde estall\u00f3 el carro bomba en esta fecha fat\u00eddica \u2014que fue el abrebocas de la toma por parte de las Farc\u2500, los caminantes se detuvieron y las dos ni\u00f1as se desprendieron de la pancarta, la dejaron en posici\u00f3n de los otros dos ni\u00f1os para empezar a saltar y gritar: \u201cLos ni\u00f1os quelemos la paz\u201d. \u201cLos ni\u00f1os quelemos la paz\u2026\u201d. A la vez que saltaban, extra\u00edan p\u00e9talos de una bolsa de flores y los esparc\u00edan sobre el pavimento. En esta labor tambi\u00e9n las acompa\u00f1aba una ni\u00f1a de 9 a\u00f1os, hija de Gloria Quintero, que le dec\u00eda a las ni\u00f1as: \u00a1M\u00e1s duro, m\u00e1s duro!, con la esperanza de que esa frase calara en toda una comunidad \u2500que solo quiere hablar de paz y perd\u00f3n\u2500 y que estaba pendiente de los acontecimientos; pues la emisora, Granada Est\u00e9reo, se encontraba transmitiendo en directo todos estos actos. Luego las ni\u00f1as volvieron a colaborar con la pancarta a los otros dos ni\u00f1os y la multitud continu\u00f3 su recorrido, tan despacio como lo ven\u00eda haciendo, hasta llegar al parque de la Vida, donde se har\u00eda el \u00faltimo evento de memoria en este d\u00eda.<\/p>\n<p style=\"text-align: justify;\"><img loading=\"lazy\" decoding=\"async\" src=\"images\/Conmemoracin_20_aos_2.jpg\" alt=\"\" width=\"750\" height=\"439\" \/><\/p>\n<p style=\"text-align: justify;\">Los protagonistas del desfile fueron tomando posici\u00f3n y uno a uno se sentaron, ocupando por completo los siete escalones de las grader\u00edas de cemento de este sitio, adornado por un sinn\u00famero de plantas a su alrededor. En las horas de la tarde not\u00e9 que, al parecer, all\u00ed vive una persona ordenando el sitio continuamente: ni un solo papel en el suelo. Las durantas, unas plantas con sus hojas amarillas por la parte dentada y verde en su interior, brillan tanto, que cuando les da el sol parece que ayudaran a enviarle a los apartamentos que tienen al frente, los reflejos de luz. Estas matas, como los pinos y dem\u00e1s especies, al pie de sus ra\u00edces, no ten\u00edan la m\u00e1s m\u00ednima maleza que les obstruyera la savia para seguir su crecimiento y continuar la vida. Por algo ser\u00e1 que se llama el parque de la Vida; ese nombre que sali\u00f3 del coraz\u00f3n de los granadinos, cuando sus heridas todav\u00eda sangraban, luego de que nuestro pueblo quedara destruido con las pipetas de gas la fecha arriba mencionada. Los que no alcanzamos asiento, nos quedamos de pie para seguir participando del evento.<\/p>\n<p style=\"text-align: justify;\">Pusieron a rodar un video. En este, al igual que en los dem\u00e1s actos, en casi todo el rodaje escuchamos hablar de los hechos como historia, como un recuerdo, como si el tiempo fuera curando las heridas. A tal punto que cuando lo est\u00e1bamos viendo y escuchamos las declaraciones de Mario G\u00f3mez: \u201cAqu\u00ed mataron de todo, se\u00f1oras, se\u00f1ores, viejos, j\u00f3venes, bobos, avispados\u2026\u201d al un\u00edsono se escuch\u00f3 una larga carcajada por parte de los asistentes por la forma tan coloquial que el se\u00f1or G\u00f3mez se refiri\u00f3 al tema. \u00a0<\/p>\n<p style=\"text-align: justify;\">\u201cAs\u00ed duela un poquito, tenemos que recordar. Buscamos que la gente se sensibilice. As\u00ed sea para dentro de veinte, veinticinco, treinta a\u00f1os, este legado se lo tenemos que dejar a nuestros hijos y nietos\u201d, dijo Gloria Ramirez (abuela de tres de las ni\u00f1as que cargaban la pancarta y madre del otro ni\u00f1o), cuando termin\u00f3 el video. E insist\u00eda: \u201cEsas ense\u00f1anzas, esos conocimientos, tenemos que dej\u00e1rselos como herencia a nuestros descendientes\u201d. Y, mientras las personas escuchaban esta intervenci\u00f3n, Gloria Quintero serv\u00eda y serv\u00eda arom\u00e1ticas de maracuy\u00e1, porque, Aracely Santana, que las repart\u00eda, cada instante regresaba diciendo: \u201cotro poquito, otro poquito que por all\u00ed falta gente\u201d.<\/p>\n<p style=\"text-align: justify;\"><img loading=\"lazy\" decoding=\"async\" src=\"images\/Conmemoracin_20_aos_3.jpg\" alt=\"\" width=\"750\" height=\"439\" \/><\/p>\n<p style=\"text-align: justify;\">La misma se\u00f1ora Santana me dijo: \u201cSomos personas del mismo pueblo que nos han orientado y capacitado desde la Unidad de v\u00edctimas. Nosotras vamos de vereda en vereda haciendo el trabajo psicosocial. \u00bfEn qui\u00e9n m\u00e1s va a confiar el campesino, sino en los mismos de su comunidad? Porque ellos dicen que el psic\u00f3logo es para los locos. Creen m\u00e1s en nosotros mismos y les llevamos talleres y diversi\u00f3n. Es la manera de volver a unir ese tejido que se rompi\u00f3 con la violencia \u2500y pone de ejemplo a una v\u00edctima\u2500: A una se\u00f1ora le mataron el esposo y no pod\u00eda entender que la guerrilla, que fue la que se lo mat\u00f3, sus hijos estuvieran integrando esa gente, siendo su propio pap\u00e1. Pero ella fue entendiendo y ahora es una m\u00e1s del grupo de apoyo. Ella dec\u00eda: cada d\u00eda estoy m\u00e1s enferma, si yo no perdono, si yo no saco esto, yo s\u00e9 que me voy a morir\u201d.<\/p>\n<p style=\"text-align: justify;\">Mientras Amparo Suarez, madre de dos asesinados y otros dos desaparecidos, degustaba la arom\u00e1tica, le pregunt\u00e9 c\u00f3mo se sent\u00eda hoy, despu\u00e9s de haberle entregado esos hijos a la guerra. Y me contest\u00f3: \u201cA uno siempre se le torean los nerviecitos por ah\u00ed, pero yo ya me siento muy bien. Yo, desde que vino esa gente (Pastor Alape en representaci\u00f3n de Las Farc el 23 de septiembre de 2017. Ver nota: <a href=\"https:\/\/www.las2orillas.co\/desgarrador-perdon-pastor-alape-granada-pueblo-se-ensano-las-farc\/\" target=\"_blank\" rel=\"noopener noreferrer\">https:\/\/www.las2orillas.co\/desgarrador-perdon-pastor-alape-granada-pueblo-se-ensano-las-farc\/<\/a>) a pedir perd\u00f3n aqu\u00ed; si ellos ma\u00f1ana vienen y me dicen que necesitan algo, soy capaz de llev\u00e1rmelos para la casa y llenarles la barriga. Yo he dicho que por la salvaci\u00f3n de mis hijos, les perdono para que ellos tambi\u00e9n se salven. Y es de coraz\u00f3n que les perdono\u201d.<\/p>\n<p style=\"text-align: justify;\">Hablando de perd\u00f3n, la se\u00f1ora Quintero, a quien siempre vemos con su hija de nueve a\u00f1os, dice que nunca tiene que invitar a su ni\u00f1a a participar en todo lo que tenga que ver con paz, memoria y reconciliaci\u00f3n, \u201cella solo me pregunta para d\u00f3nde voy y ah\u00ed mismo sale detr\u00e1s de m\u00ed \u2500y termina diciendo\u2500: yo nunca le he hablado con odio sobre la desaparici\u00f3n de mi hermano y dem\u00e1s v\u00edctimas, ella sola se empoder\u00f3 del tema y de todo el proceso que llevamos aqu\u00ed en Granada.<\/p>\n<p style=\"text-align: justify;\">En todos los actos de este d\u00eda vimos c\u00f3mo las madres granadinas, que han sido las m\u00e1s golpeadas, est\u00e1n preparando todo un semillero para defender la vida, pues esos ni\u00f1os, gritando al pie de donde pusieron un carrobomba: \u201cNosotlos, los ni\u00f1os, quelemos la paz. Nosotros, los ni\u00f1os, quelemos la paz\u2026\u201d, algo va quedando en sus inconscientes y estoy casi seguro que lo van a replicar en la vida de adultos.<\/p>\n","protected":false},"excerpt":{"rendered":"<h1 style=\"text-align: justify;\">\u00a0<\/h1>\n<p style=\"text-align: justify;\">Por: Hugo de Jes\u00fas Tamayo.<\/p>\n<p style=\"text-align: justify;\">\u2014\u00a1Los ni\u00f1os quelemos la paz, los ni\u00f1os quelemos la paz!, coreaban dos ni\u00f1as de cuatro y seis a\u00f1os, en la cabeza del desfile mientras saltaban, daban vueltas y esparc\u00edan p\u00e9talos de flores sobre el pavimento.<\/p>\n","protected":false},"author":1,"featured_media":0,"comment_status":"open","ping_status":"open","sticky":false,"template":"","format":"standard","meta":{"footnotes":""},"categories":[20],"tags":[],"class_list":["post-329","post","type-post","status-publish","format-standard","hentry","category-columnistas"],"_links":{"self":[{"href":"https:\/\/www.desdegranada.com\/site\/index.php?rest_route=\/wp\/v2\/posts\/329","targetHints":{"allow":["GET"]}}],"collection":[{"href":"https:\/\/www.desdegranada.com\/site\/index.php?rest_route=\/wp\/v2\/posts"}],"about":[{"href":"https:\/\/www.desdegranada.com\/site\/index.php?rest_route=\/wp\/v2\/types\/post"}],"author":[{"embeddable":true,"href":"https:\/\/www.desdegranada.com\/site\/index.php?rest_route=\/wp\/v2\/users\/1"}],"replies":[{"embeddable":true,"href":"https:\/\/www.desdegranada.com\/site\/index.php?rest_route=%2Fwp%2Fv2%2Fcomments&post=329"}],"version-history":[{"count":0,"href":"https:\/\/www.desdegranada.com\/site\/index.php?rest_route=\/wp\/v2\/posts\/329\/revisions"}],"wp:attachment":[{"href":"https:\/\/www.desdegranada.com\/site\/index.php?rest_route=%2Fwp%2Fv2%2Fmedia&parent=329"}],"wp:term":[{"taxonomy":"category","embeddable":true,"href":"https:\/\/www.desdegranada.com\/site\/index.php?rest_route=%2Fwp%2Fv2%2Fcategories&post=329"},{"taxonomy":"post_tag","embeddable":true,"href":"https:\/\/www.desdegranada.com\/site\/index.php?rest_route=%2Fwp%2Fv2%2Ftags&post=329"}],"curies":[{"name":"wp","href":"https:\/\/api.w.org\/{rel}","templated":true}]}}