{"id":330,"date":"2021-01-06T17:21:47","date_gmt":"2021-01-06T17:21:47","guid":{"rendered":"https:\/\/www.desdegranada.com\/site\/?p=330"},"modified":"2021-01-06T17:21:47","modified_gmt":"2021-01-06T17:21:47","slug":"administracion-municipal-socializo-el-presupuesto-con-que-contara-el-granada-para-el-ano-en-curso","status":"publish","type":"post","link":"https:\/\/www.desdegranada.com\/site\/?p=330","title":{"rendered":"Administraci\u00f3n municipal socializ\u00f3 el presupuesto con que contar\u00e1 el Granada para el a\u00f1o en curso"},"content":{"rendered":"<p style=\"text-align: justify;\">En la emisi\u00f3n semanal del programa \u201cEn l\u00ednea con la alcald\u00eda\u201d, el mandatario local Freddy Casta\u00f1o Aristiz\u00e1bal, acompa\u00f1ado por la secretaria de hacienda municipal, Gloria Emilce Garc\u00eda Arbel\u00e1ez, explic\u00f3 la manera en que se invertir\u00e1n dichos recursos a lo largo del 2021.<\/p>\n<p style=\"text-align: justify;\">La educaci\u00f3n, alimentaci\u00f3n escolar, primera infancia, deporte y cultura, contar\u00e1n con una inversi\u00f3n de tres mil doscientos ochenta y cuatro millones, recursos transferidos a nivel nacional y del sector el\u00e9ctrico.\u00a0 En educaci\u00f3n est\u00e1 proyectado por el Sistema Nacional de Participaci\u00f3n una inversi\u00f3n de 271 millones de pesos.<\/p>\n<p style=\"text-align: justify;\">En el tema de la salud se manejan los recursos sin situaci\u00f3n de fondos, es decir, que se deben incluir dentro del presupuesto, pero el dinero no ingresa al municipio, sino que llega directamente a las EPS y las IPS; este fondo local es aproximadamente de un 49.5 % del total de presupuesto.<\/p>\n<p style=\"text-align: justify;\">Para ingresos corrientes de libre destinaci\u00f3n, se contar\u00e1 con dos mil ciento treinta y cuatro millones, estos hacen referencia a los recursos propios a nivel local como son el de impuesto de industria y comercio, el impuesto predial, sobretasa de la gasolina y el impuesto vehicular.<\/p>\n<p style=\"text-align: justify;\">En los recursos propios, pero que tienen una destinaci\u00f3n espec\u00edfica como lo son el fondo de seguridad (que son destinados para la fuerza p\u00fablica), fondo de estampillas, que para el municipio rige la pro cultura, pro bienestar del adulto mayor (un porcentaje para el Centro de Bienestar del Anciano San Jos\u00e9 y otro para el Centro Vida), la sobretasa ambiental, la bomberil; para estas actividades se destinaron setecientos doce millones.<\/p>\n<p style=\"text-align: justify;\">El municipio a pesar de que no cuenta\u00a0\u00a0 con explotaci\u00f3n de recursos no renovables como petr\u00f3leo, recibe de regal\u00edas 768 millones para inversi\u00f3n local seg\u00fan las necesidades b\u00e1sicas insatisfechas de los municipios de 4, 5 y 6 categor\u00eda.<\/p>\n<p style=\"text-align: justify;\">En el \u00e1mbito de la deuda p\u00fablica, el municipio suma aproximadamente 600 millones de pesos, una cifra favorable, teniendo en cuenta que la capacidad de endeudamiento est\u00e1 en dos mil millones de pesos.<\/p>\n<p style=\"text-align: justify;\">La cifra inicial del presupuesto puede aumentar en la medida que los granadinos se pongan al d\u00eda en el pago de los impuestos, lo que permitir\u00e1 que la inversi\u00f3n social sea mayor.<\/p>\n<p>\u00a0<\/p>\n","protected":false},"excerpt":{"rendered":"<p style=\"text-align: justify;\">Para este 2021, el municipio contar\u00e1 con un presupuesto de trece mil setenta y un millones de pesos, que ser\u00e1n invertidos en la ejecuci\u00f3n de proyectos en diferentes campos y apuntan mejorar la calidad de vida de todos los granadinos.<\/p>\n","protected":false},"author":1,"featured_media":0,"comment_status":"open","ping_status":"open","sticky":false,"template":"","format":"standard","meta":{"footnotes":""},"categories":[19],"tags":[],"class_list":["post-330","post","type-post","status-publish","format-standard","hentry","category-noticias"],"_links":{"self":[{"href":"https:\/\/www.desdegranada.com\/site\/index.php?rest_route=\/wp\/v2\/posts\/330","targetHints":{"allow":["GET"]}}],"collection":[{"href":"https:\/\/www.desdegranada.com\/site\/index.php?rest_route=\/wp\/v2\/posts"}],"about":[{"href":"https:\/\/www.desdegranada.com\/site\/index.php?rest_route=\/wp\/v2\/types\/post"}],"author":[{"embeddable":true,"href":"https:\/\/www.desdegranada.com\/site\/index.php?rest_route=\/wp\/v2\/users\/1"}],"replies":[{"embeddable":true,"href":"https:\/\/www.desdegranada.com\/site\/index.php?rest_route=%2Fwp%2Fv2%2Fcomments&post=330"}],"version-history":[{"count":0,"href":"https:\/\/www.desdegranada.com\/site\/index.php?rest_route=\/wp\/v2\/posts\/330\/revisions"}],"wp:attachment":[{"href":"https:\/\/www.desdegranada.com\/site\/index.php?rest_route=%2Fwp%2Fv2%2Fmedia&parent=330"}],"wp:term":[{"taxonomy":"category","embeddable":true,"href":"https:\/\/www.desdegranada.com\/site\/index.php?rest_route=%2Fwp%2Fv2%2Fcategories&post=330"},{"taxonomy":"post_tag","embeddable":true,"href":"https:\/\/www.desdegranada.com\/site\/index.php?rest_route=%2Fwp%2Fv2%2Ftags&post=330"}],"curies":[{"name":"wp","href":"https:\/\/api.w.org\/{rel}","templated":true}]}}