{"id":331,"date":"2021-01-07T20:49:34","date_gmt":"2021-01-07T20:49:34","guid":{"rendered":"https:\/\/www.desdegranada.com\/site\/?p=331"},"modified":"2021-01-07T20:49:34","modified_gmt":"2021-01-07T20:49:34","slug":"cancelacion-edicion-virtual-fiestas-del-retorno-y-la-solidaridad-2021","status":"publish","type":"post","link":"https:\/\/www.desdegranada.com\/site\/?p=331","title":{"rendered":"Cancelaci\u00f3n edici\u00f3n virtual Fiestas del Retorno y la Solidaridad 2021."},"content":{"rendered":"<p style=\"text-align: justify;\">\u00a0<\/p>\n<p style=\"text-align: justify;\">La emergencia sanitaria mundial del covid-19 que afecta al pa\u00eds con un nuevo pico de contagios ha obligado a los gobiernos departamentales y locales a tomar medidas restrictivas que ayuden a contener la propagaci\u00f3n del virus. Es por eso que para este fin de semana, puente de Reyes, la Gobernaci\u00f3n de Antioquia ha decretado toque de queda continuo desde este viernes 8 de enero a las 7:00p.m. hasta el martes 12 de enero a las 5:00a.m.<\/p>\n<p style=\"text-align: justify;\">Por los motivos expuestos, la Alianza por Granada, conformada por las cooperativas Coogranada y Creafam, la Administraci\u00f3n Municipal y la Corporaci\u00f3n Granada Siempre Nuestra, han decidido cancelar la edici\u00f3n virtual de las Fiestas del Retorno y la Solidaridad 2021.<\/p>\n<p style=\"text-align: justify;\">Entendemos la integraci\u00f3n y el sano esparcimiento como un espacio para fortalecer el sentido de pertenencia de los granadinos con su territorio y los lazos de unidad entre paisanos, pero en una situaci\u00f3n como la actual, se convierte en prioridad el cuidado de nuestra salud y la de nuestros seres queridos.<\/p>\n<p style=\"text-align: justify;\">Por estos motivos, desde el comit\u00e9 organizador, se ha definido de manera concertada, que el presupuesto que inicialmente estaba destinado para la realizaci\u00f3n de esta edici\u00f3n virtual de las fiestas, ser\u00e1 destinado en inversi\u00f3n social.<\/p>\n","protected":false},"excerpt":{"rendered":"<p style=\"text-align: justify;\">Enero 7 de 2021<\/p>\n<p style=\"text-align: justify;\">\u00a0<\/p>\n<p style=\"text-align: justify;\">Comunicado a la opini\u00f3n p\u00fablica.<\/p>\n<p style=\"text-align: justify;\">\u00a0<\/p>\n<p style=\"text-align: justify;\">Cancelaci\u00f3n edici\u00f3n virtual Fiestas del Retorno y la Solidaridad 2021.<\/p>\n","protected":false},"author":1,"featured_media":0,"comment_status":"open","ping_status":"open","sticky":false,"template":"","format":"standard","meta":{"footnotes":""},"categories":[19],"tags":[],"class_list":["post-331","post","type-post","status-publish","format-standard","hentry","category-noticias"],"_links":{"self":[{"href":"https:\/\/www.desdegranada.com\/site\/index.php?rest_route=\/wp\/v2\/posts\/331","targetHints":{"allow":["GET"]}}],"collection":[{"href":"https:\/\/www.desdegranada.com\/site\/index.php?rest_route=\/wp\/v2\/posts"}],"about":[{"href":"https:\/\/www.desdegranada.com\/site\/index.php?rest_route=\/wp\/v2\/types\/post"}],"author":[{"embeddable":true,"href":"https:\/\/www.desdegranada.com\/site\/index.php?rest_route=\/wp\/v2\/users\/1"}],"replies":[{"embeddable":true,"href":"https:\/\/www.desdegranada.com\/site\/index.php?rest_route=%2Fwp%2Fv2%2Fcomments&post=331"}],"version-history":[{"count":0,"href":"https:\/\/www.desdegranada.com\/site\/index.php?rest_route=\/wp\/v2\/posts\/331\/revisions"}],"wp:attachment":[{"href":"https:\/\/www.desdegranada.com\/site\/index.php?rest_route=%2Fwp%2Fv2%2Fmedia&parent=331"}],"wp:term":[{"taxonomy":"category","embeddable":true,"href":"https:\/\/www.desdegranada.com\/site\/index.php?rest_route=%2Fwp%2Fv2%2Fcategories&post=331"},{"taxonomy":"post_tag","embeddable":true,"href":"https:\/\/www.desdegranada.com\/site\/index.php?rest_route=%2Fwp%2Fv2%2Ftags&post=331"}],"curies":[{"name":"wp","href":"https:\/\/api.w.org\/{rel}","templated":true}]}}