{"id":332,"date":"2021-01-17T17:06:10","date_gmt":"2021-01-17T17:06:10","guid":{"rendered":"https:\/\/www.desdegranada.com\/site\/?p=332"},"modified":"2021-01-17T17:06:10","modified_gmt":"2021-01-17T17:06:10","slug":"un-ano-sin-ti-pero-con-tu-recuerdo-mas-vivo-que-nunca","status":"publish","type":"post","link":"https:\/\/www.desdegranada.com\/site\/?p=332","title":{"rendered":"Un a\u00f1o sin ti. Pero con tu recuerdo m\u00e1s vivo que nunca."},"content":{"rendered":"","protected":false},"excerpt":{"rendered":"<p style=\"text-align: justify;\">Por Dubian Giraldo.\u00a0<\/p>\n<p style=\"text-align: justify;\">Con la llegada de enero inmediatamente vuelven m\u00faltiples recuerdos de aquel inicio del a\u00f1o 2020 cuando el c\u00e1ncer que pens\u00e1bamos hab\u00edas superado reapareci\u00f3 con mayor dureza; hizo cambiar por completo tu semblante, pero nunca tu esp\u00edritu de lucha.<\/p>\n<p style=\"text-align: justify;\">Tu voz un poco agotada, pero sutil y amorosa expresabas que todo estaba bien, porque nunca diste el brazo a torcer, inclusive cuando la doctora de cuidados paliativos inform\u00f3 que medicamente no hab\u00eda soluci\u00f3n. T\u00fa, con esa fe inquebrantable pusiste todo en manos de Dios, aceptando la voluntad divina, sin reproche.<\/p>\n<p style=\"text-align: justify;\">Esa escena nunca la olvidaremos, est\u00e1bamos tan conmovidos y afligidos a la vez, era algo que nos resist\u00edamos a creer, pero t\u00fa nos diste el valor para seguir, fuiste tan fuerte, que tu paz interior nunca se desdibuj\u00f3, como el m\u00e1s valiente asumiste tu realidad, y como fue tu constante, seguiste para adelante.<\/p>\n<p style=\"text-align: justify;\">El viernes 17 de enero a las 3:50 de la ma\u00f1ana muri\u00f3 en el hospital San Vicente Fundaci\u00f3n de Rionegro, el gran referente de la familia, el gu\u00eda y faro de nuestras vidas, fue un impacto muy fuerte, el m\u00e1s duro que hemos enfrentado. \u00a0<\/p>\n<p style=\"text-align: justify;\">La familia asumi\u00f3 con resignaci\u00f3n la noticia, dimos todo lo que estuvo a nuestro alcance, te acompa\u00f1amos a cada hospitalizaci\u00f3n, examen y procedimiento m\u00e9dico, demostr\u00e1ndote lo orgullosos que nos sent\u00edamos de ti, estuvimos ah\u00ed, colocando nuestro mano de apoyo y motivaci\u00f3n.<\/p>\n<p style=\"text-align: justify;\"><em>A un a\u00f1o<\/em><\/p>\n<p style=\"text-align: justify;\">Hoy, un a\u00f1o despu\u00e9s seguimos ac\u00e1 con tu recuerdo m\u00e1s vivo y presente que nunca. Te cuento que mam\u00e1 asumi\u00f3 tu liderazgo en la familia, est\u00e1 pendiente del negocio que iniciaste en el a\u00f1o 1991, todos los d\u00edas junto a mi hermano Dar\u00edo se disponen para atenderlo con la misma amabilidad y dedicaci\u00f3n tuya.<\/p>\n<p style=\"text-align: justify;\">No ha sido un a\u00f1o f\u00e1cil, toda esta situaci\u00f3n del Covid -19 ha cambiado muchas cosas, pero tu legado nos alienta a seguir luchando, como fue tu constante. La familia sigue muy unida, en comunicaci\u00f3n permanente alrededor de mam\u00e1.<\/p>\n<p style=\"text-align: justify;\">En todo este tiempo las muestras de solidaridad han sido m\u00faltiples, el abrazo social es reconfortante, las an\u00e9cdotas tuyas de quienes te conocieron se convierten en inspiraci\u00f3n.<\/p>\n<p style=\"text-align: justify;\">Queda en nuestros corazones un sentimiento de gratitud desbordado por tanta bondad. Somos conscientes que todo es fruto de una existencia formidable como la tuya, el resultado de tu entrega, don de gentes y servicio.<\/p>\n<p style=\"text-align: justify;\">Son 12 meses sin tu presencia f\u00edsica, pero es el tiempo que m\u00e1s he sentido tu esencia. Est\u00e1s m\u00e1s presente. Tu legado, tus consejos me acompa\u00f1an. Recordamos a cada instante los bellos momentos a tu lado. Gracias por todo.\u00a0 S\u00e9 que est\u00e1s feliz y dichoso, Dios te tiene en un lugar muy especial.<\/p>\n<p style=\"text-align: justify;\">Tu ejemplo y lucha quedan impregnados en el ser de cada uno de los miembros de la familia y en la comunidad queda tu legado de servicio, amistad y honestidad. \u00a0<\/p>\n<p>\u00a0<\/p>\n","protected":false},"author":1,"featured_media":0,"comment_status":"open","ping_status":"open","sticky":false,"template":"","format":"standard","meta":{"footnotes":""},"categories":[20],"tags":[],"class_list":["post-332","post","type-post","status-publish","format-standard","hentry","category-columnistas"],"_links":{"self":[{"href":"https:\/\/www.desdegranada.com\/site\/index.php?rest_route=\/wp\/v2\/posts\/332","targetHints":{"allow":["GET"]}}],"collection":[{"href":"https:\/\/www.desdegranada.com\/site\/index.php?rest_route=\/wp\/v2\/posts"}],"about":[{"href":"https:\/\/www.desdegranada.com\/site\/index.php?rest_route=\/wp\/v2\/types\/post"}],"author":[{"embeddable":true,"href":"https:\/\/www.desdegranada.com\/site\/index.php?rest_route=\/wp\/v2\/users\/1"}],"replies":[{"embeddable":true,"href":"https:\/\/www.desdegranada.com\/site\/index.php?rest_route=%2Fwp%2Fv2%2Fcomments&post=332"}],"version-history":[{"count":0,"href":"https:\/\/www.desdegranada.com\/site\/index.php?rest_route=\/wp\/v2\/posts\/332\/revisions"}],"wp:attachment":[{"href":"https:\/\/www.desdegranada.com\/site\/index.php?rest_route=%2Fwp%2Fv2%2Fmedia&parent=332"}],"wp:term":[{"taxonomy":"category","embeddable":true,"href":"https:\/\/www.desdegranada.com\/site\/index.php?rest_route=%2Fwp%2Fv2%2Fcategories&post=332"},{"taxonomy":"post_tag","embeddable":true,"href":"https:\/\/www.desdegranada.com\/site\/index.php?rest_route=%2Fwp%2Fv2%2Ftags&post=332"}],"curies":[{"name":"wp","href":"https:\/\/api.w.org\/{rel}","templated":true}]}}