{"id":333,"date":"2021-01-21T17:25:27","date_gmt":"2021-01-21T17:25:27","guid":{"rendered":"https:\/\/www.desdegranada.com\/site\/?p=333"},"modified":"2021-01-21T17:25:27","modified_gmt":"2021-01-21T17:25:27","slug":"con-prueba-piloto-de-alternancia-con-estudiantes-de-11-inicio-calendario-escolar-en-granada","status":"publish","type":"post","link":"https:\/\/www.desdegranada.com\/site\/?p=333","title":{"rendered":"Con prueba piloto de alternancia con estudiantes de 11 inici\u00f3 calendario escolar en Granada"},"content":{"rendered":"","protected":false},"excerpt":{"rendered":"<p style=\"text-align: justify;\">Con una prueba piloto de alternancia con los estudiantes del grado 11, se dio inicio el pasado martes 19 de enero a las actividades acad\u00e9micas de la Instituci\u00f3n Educativa Jorge Alberto G\u00f3mez en este a\u00f1o 2021.<\/p>\n<p style=\"text-align: justify;\">\u201cEl trabajo para este a\u00f1o se est\u00e1 proyectando tal como lo emana la resoluci\u00f3n ministerial y departamental, en donde se inicia con la alternancia del grado 11 durante el mes de enero y febrero. Luego en marzo se continuar\u00e1 con alternancia progresiva en la medida de las posibilidades. Con los otros grupos se contin\u00faa el trabajo en casa como contempla la resoluci\u00f3n y ya con los maestros se est\u00e1 haciendo el proceso de planeaci\u00f3n, en donde a trav\u00e9s de las gu\u00edas integradas y los encuentros sincr\u00f3nicos y asincr\u00f3nicos, se les da la posibilidad de que realicen los talleres y los trabajos, y tambi\u00e9n los maestros est\u00e1n disponibles en horarios de 8 de la ma\u00f1ana a 2 de la tarde para tener el contacto con los estudiantes, resolver dudas e inquietudes\u201d, explic\u00f3 la rectora de INEJAGO, Hermana Azucena Hincapi\u00e9.<\/p>\n<p style=\"text-align: justify;\">De esta manera, y aunque la decisi\u00f3n de adoptar este modelo para el desarrollo de la agenda escolar se realiz\u00f3 de manera concertada con los padres de familia, se empiezan a resolver las inc\u00f3gnitas relacionadas con el regreso a clases en este comienzo de a\u00f1o.<\/p>\n<p style=\"text-align: justify;\">\u201cA la semana se trabaja tres d\u00edas alternancia con el grado 11 en este momento o dos dependiendo de c\u00f3mo se organicen los horarios. Hay unos espacios de tiempo de entre tres y cuatro momentos donde los maestros se rotan las clases, pero se atienden los grupos en menor n\u00famero. En este momento estamos haciendo la alternancia en el aula m\u00faltiple con un grupo de 25 estudiantes conservando los protocolos de bioseguridad\u201d, enfatiz\u00f3 la Hermana Azucena.<\/p>\n<p style=\"text-align: justify;\">Vale la pena anotar que este ejercicio de la alternancia, que complementa la asistencia al colegio con el desarrollo de gu\u00edas y trabajos en casa, se desarrolla con un estricto cumplimiento de los protocolos de bioseguridad, tales como el lavado constante de manos, el distanciamiento social y el uso permanente de la mascarilla.<\/p>\n<p style=\"text-align: justify;\">\u201cTanto la gobernaci\u00f3n como el municipio de Granada y la instituci\u00f3n desde su presupuesto ha hecho inversi\u00f3n para tener los protocolos medianamente adecuados para poder atender este fen\u00f3meno de la alternancia\u201d, dijo.<\/p>\n<p style=\"text-align: justify;\"><img decoding=\"async\" src=\"images\/Alternancia_2021.jpg\" alt=\"\" \/><\/p>\n<p style=\"text-align: justify;\">Mientras avanza esta prueba piloto, la instituci\u00f3n educativa viene adelantando el proceso de matriculas con los estudiantes en cada una de las sedes. El cronograma es el siguiente:<\/p>\n<p style=\"text-align: justify;\">21 de enero, sede Los Medios de 2:00p.m a 3:00p.m.<\/p>\n<p style=\"text-align: justify;\">21 de enero, sede Tafetanes de 4:00p.m a 5:00p.m.<\/p>\n<p style=\"text-align: justify;\">22 de enero, Santa Ana de 10:00a.m a 12:00m.<\/p>\n<p style=\"text-align: justify;\">22 de enero, Las Faldas de 1:00p.m a 2:00p.m.<\/p>\n<p style=\"text-align: justify;\">25 de enero, El Ed\u00e9n de 1:00p.m a 2:00p.m.<\/p>\n<p style=\"text-align: justify;\">25 de enero, clei 5 de 8:30a.m a 1:30p.m.<\/p>\n<p style=\"text-align: justify;\">En el caso de los estudiantes de la zona rural, uno de los secretarios de la instituci\u00f3n se desplazar\u00e1 hasta cada sede para facilitar este proceso.<\/p>\n","protected":false},"author":1,"featured_media":0,"comment_status":"open","ping_status":"open","sticky":false,"template":"","format":"standard","meta":{"footnotes":""},"categories":[19],"tags":[],"class_list":["post-333","post","type-post","status-publish","format-standard","hentry","category-noticias"],"_links":{"self":[{"href":"https:\/\/www.desdegranada.com\/site\/index.php?rest_route=\/wp\/v2\/posts\/333","targetHints":{"allow":["GET"]}}],"collection":[{"href":"https:\/\/www.desdegranada.com\/site\/index.php?rest_route=\/wp\/v2\/posts"}],"about":[{"href":"https:\/\/www.desdegranada.com\/site\/index.php?rest_route=\/wp\/v2\/types\/post"}],"author":[{"embeddable":true,"href":"https:\/\/www.desdegranada.com\/site\/index.php?rest_route=\/wp\/v2\/users\/1"}],"replies":[{"embeddable":true,"href":"https:\/\/www.desdegranada.com\/site\/index.php?rest_route=%2Fwp%2Fv2%2Fcomments&post=333"}],"version-history":[{"count":0,"href":"https:\/\/www.desdegranada.com\/site\/index.php?rest_route=\/wp\/v2\/posts\/333\/revisions"}],"wp:attachment":[{"href":"https:\/\/www.desdegranada.com\/site\/index.php?rest_route=%2Fwp%2Fv2%2Fmedia&parent=333"}],"wp:term":[{"taxonomy":"category","embeddable":true,"href":"https:\/\/www.desdegranada.com\/site\/index.php?rest_route=%2Fwp%2Fv2%2Fcategories&post=333"},{"taxonomy":"post_tag","embeddable":true,"href":"https:\/\/www.desdegranada.com\/site\/index.php?rest_route=%2Fwp%2Fv2%2Ftags&post=333"}],"curies":[{"name":"wp","href":"https:\/\/api.w.org\/{rel}","templated":true}]}}