{"id":335,"date":"2021-01-25T22:20:55","date_gmt":"2021-01-25T22:20:55","guid":{"rendered":"https:\/\/www.desdegranada.com\/site\/?p=335"},"modified":"2021-01-25T22:20:55","modified_gmt":"2021-01-25T22:20:55","slug":"se-cumplieron-25-anos-de-la-llegada-de-las-hermanas-siervas-del-santisimo-sacramento-a-granada","status":"publish","type":"post","link":"https:\/\/www.desdegranada.com\/site\/?p=335","title":{"rendered":"Se cumplieron 25 a\u00f1os de la llegada de las Hermanas Siervas del Sant\u00edsimo Sacramento a Granada"},"content":{"rendered":"<p style=\"text-align: justify;\">El Padre Francisco Hoyos Ossa, qui\u00e9n les abri\u00f3 las puertas de Granada, detall\u00f3 que \u201ctuve la idea de que vinieran a trabajar entre nosotros. Lo logramos gracias a Dios y estoy seguro de que, en estos 25 a\u00f1os, han hecho una labor formidable en el cumplimiento de esa misi\u00f3n que ellas est\u00e1n llamadas por su carisma a realizar en la iglesia\u201d.<\/p>\n<p style=\"text-align: justify;\">Luego de un momento dif\u00edcil en el que se vieron obligadas a cerrar su sede en el municipio de La Uni\u00f3n y pasar a vivir en Marinilla en una peque\u00f1a casa, la comunidad de las Hermanas Siervas del Sant\u00edsimo Sacramento llegaron a Granada de la mano del presb\u00edtero Francisco Hoyos, quien les ofreci\u00f3 un lugar para vivir y las motiv\u00f3 a trabajar con el pueblo granadino.<\/p>\n<p style=\"text-align: justify;\"><img decoding=\"async\" src=\"images\/25_aos_siervas_del_santsimo.jpg\" alt=\"\" \/><\/p>\n<p style=\"text-align: justify;\">\u201cNos llama Monse\u00f1or (Flavio Calle) un 24 de diciembre y nos dice que \u00e9l ha pensado mucho en nosotras, que \u00e9l deseaba ayudarnos y que aqu\u00ed en Granada hab\u00eda una casa porque unas religiosas se iban a ir porque les hab\u00edan regalado una casa en Medell\u00edn y la casa quedaba sola, que si nosotros aceptar\u00edamos\u2026 Vimos enseguida la Providencia de Dios, la mano de Dios y en una semana se organiz\u00f3 todas las diligencias y desde eso estamos ac\u00e1\u201d, explic\u00f3 sobre la llegada de su comunidad al municipio la Hermana Teresa Duque.<\/p>\n<p style=\"text-align: justify;\">La congregaci\u00f3n tiene por carisma la adoraci\u00f3n del Sant\u00edsimo Sacramento y a partir de este desarrollan su labor apost\u00f3lica con ni\u00f1os, j\u00f3venes y grupos pastorales. Son tres hermanas de esta comunidad las que actualmente est\u00e1n en el municipio brindando acompa\u00f1amiento a la comunidad y apoyando diferentes labores de la parroquia.<\/p>\n<p style=\"text-align: justify;\"><iframe loading=\"lazy\" src=\"\/\/www.youtube.com\/embed\/vksvMrvZxiw\" width=\"560\" height=\"314\" allowfullscreen=\"allowfullscreen\"><\/iframe><\/p>\n","protected":false},"excerpt":{"rendered":"<p style=\"text-align: justify;\">Llegadas a Granada el 12 de enero de 1996, las Hermanas Siervas del Sant\u00edsimo Sacramento conmemoraron este domingo 24 de enero los 25 a\u00f1os de presencia dentro de la comunidad.<\/p>\n","protected":false},"author":1,"featured_media":0,"comment_status":"open","ping_status":"open","sticky":false,"template":"","format":"standard","meta":{"footnotes":""},"categories":[19],"tags":[],"class_list":["post-335","post","type-post","status-publish","format-standard","hentry","category-noticias"],"_links":{"self":[{"href":"https:\/\/www.desdegranada.com\/site\/index.php?rest_route=\/wp\/v2\/posts\/335","targetHints":{"allow":["GET"]}}],"collection":[{"href":"https:\/\/www.desdegranada.com\/site\/index.php?rest_route=\/wp\/v2\/posts"}],"about":[{"href":"https:\/\/www.desdegranada.com\/site\/index.php?rest_route=\/wp\/v2\/types\/post"}],"author":[{"embeddable":true,"href":"https:\/\/www.desdegranada.com\/site\/index.php?rest_route=\/wp\/v2\/users\/1"}],"replies":[{"embeddable":true,"href":"https:\/\/www.desdegranada.com\/site\/index.php?rest_route=%2Fwp%2Fv2%2Fcomments&post=335"}],"version-history":[{"count":0,"href":"https:\/\/www.desdegranada.com\/site\/index.php?rest_route=\/wp\/v2\/posts\/335\/revisions"}],"wp:attachment":[{"href":"https:\/\/www.desdegranada.com\/site\/index.php?rest_route=%2Fwp%2Fv2%2Fmedia&parent=335"}],"wp:term":[{"taxonomy":"category","embeddable":true,"href":"https:\/\/www.desdegranada.com\/site\/index.php?rest_route=%2Fwp%2Fv2%2Fcategories&post=335"},{"taxonomy":"post_tag","embeddable":true,"href":"https:\/\/www.desdegranada.com\/site\/index.php?rest_route=%2Fwp%2Fv2%2Ftags&post=335"}],"curies":[{"name":"wp","href":"https:\/\/api.w.org\/{rel}","templated":true}]}}