{"id":336,"date":"2021-01-26T17:47:16","date_gmt":"2021-01-26T17:47:16","guid":{"rendered":"https:\/\/www.desdegranada.com\/site\/?p=336"},"modified":"2021-01-26T17:47:16","modified_gmt":"2021-01-26T17:47:16","slug":"asi-esta-proyectada-la-programacion-de-granada-stereo-en-este-2021","status":"publish","type":"post","link":"https:\/\/www.desdegranada.com\/site\/?p=336","title":{"rendered":"As\u00ed est\u00e1 proyectada la programaci\u00f3n de Granada Stereo en este 2021"},"content":{"rendered":"<p style=\"text-align: justify;\">En ese sentido, programas como \u2018En l\u00ednea con la alcald\u00eda\u2019, en el que desde la administraci\u00f3n municipal se habla de los avances de diferentes programas y proyectos que se desarrollan en el municipio y \u00b4Mundo cooperativo\u00b4 de Coogranada y \u2018Talento cooperativo\u2019 de Creafam, dedicados a la promoci\u00f3n de los servicios y beneficios que ofrece cada entidad solidaria, ya han retomado sus espacios radiales.<\/p>\n<p style=\"text-align: justify;\">As\u00ed mismo, franjas educativas como \u2018Leer, escribir y conversar \u00a1qu\u00e9 nota!\u2019, de la Instituci\u00f3n Educativa Jorge Alberto G\u00f3mez, y \u2018Huellas\u2019 e \u2018Inf\u00f3rmese y aprenda\u2019, han reiniciado en sus horarios habituales.<\/p>\n<p style=\"text-align: justify;\">En lo que resta de enero y los primeros d\u00edas de febrero, se espera tambi\u00e9n el regreso de las dem\u00e1s propuestas como \u2018Lleg\u00f3 el hospital\u2019, \u2018La umata y el campo\u2019 y los espacios religiosos de la Parroquia Santa B\u00e1rbara.<\/p>\n<p style=\"text-align: justify;\">De esta manera, Granada Stereo sigue apostando a su prop\u00f3sito de informar, educar y recrear a su audiencia y se sigue consolidando como el puente entre el municipio y los granadinos dispersos en los diferentes lugares de Colombia y el mundo.<\/p>\n<p style=\"text-align: justify;\">Con\u00e9ctese con la programaci\u00f3n en vivo de nuestra emisora en la 104.4FM y a trav\u00e9s de www.desdegranada.com.<\/p>\n","protected":false},"excerpt":{"rendered":"<p style=\"text-align: justify;\">Despu\u00e9s de haber concluido de manera exitosa la programaci\u00f3n de fin de a\u00f1o propuesta por la emisora Granada Stereo para animar las festividades decembrinas de los granadinos y transcurrido ya casi el primer mes de 2021, va volviendo la parrilla habitual en la radio local.<\/p>\n","protected":false},"author":1,"featured_media":0,"comment_status":"open","ping_status":"open","sticky":false,"template":"","format":"standard","meta":{"footnotes":""},"categories":[19],"tags":[],"class_list":["post-336","post","type-post","status-publish","format-standard","hentry","category-noticias"],"_links":{"self":[{"href":"https:\/\/www.desdegranada.com\/site\/index.php?rest_route=\/wp\/v2\/posts\/336","targetHints":{"allow":["GET"]}}],"collection":[{"href":"https:\/\/www.desdegranada.com\/site\/index.php?rest_route=\/wp\/v2\/posts"}],"about":[{"href":"https:\/\/www.desdegranada.com\/site\/index.php?rest_route=\/wp\/v2\/types\/post"}],"author":[{"embeddable":true,"href":"https:\/\/www.desdegranada.com\/site\/index.php?rest_route=\/wp\/v2\/users\/1"}],"replies":[{"embeddable":true,"href":"https:\/\/www.desdegranada.com\/site\/index.php?rest_route=%2Fwp%2Fv2%2Fcomments&post=336"}],"version-history":[{"count":0,"href":"https:\/\/www.desdegranada.com\/site\/index.php?rest_route=\/wp\/v2\/posts\/336\/revisions"}],"wp:attachment":[{"href":"https:\/\/www.desdegranada.com\/site\/index.php?rest_route=%2Fwp%2Fv2%2Fmedia&parent=336"}],"wp:term":[{"taxonomy":"category","embeddable":true,"href":"https:\/\/www.desdegranada.com\/site\/index.php?rest_route=%2Fwp%2Fv2%2Fcategories&post=336"},{"taxonomy":"post_tag","embeddable":true,"href":"https:\/\/www.desdegranada.com\/site\/index.php?rest_route=%2Fwp%2Fv2%2Ftags&post=336"}],"curies":[{"name":"wp","href":"https:\/\/api.w.org\/{rel}","templated":true}]}}